{"id":33356,"date":"2022-02-09T22:27:50","date_gmt":"2022-02-09T22:27:50","guid":{"rendered":"http:\/\/vocesver.com\/noticias\/?p=33356"},"modified":"2022-02-09T22:35:26","modified_gmt":"2022-02-09T22:35:26","slug":"firman-convenio-de-colaboracion-academica-ceulver-y-la-universidad-girona-de-espana","status":"publish","type":"post","link":"http:\/\/vocesver.com\/noticias\/firman-convenio-de-colaboracion-academica-ceulver-y-la-universidad-girona-de-espana\/","title":{"rendered":"Firman convenio de colaboraci\u00f3n acad\u00e9mica, CEULVER y la Universidad Girona de Espa\u00f1a*"},"content":{"rendered":"\n<p>*En su nueva vinculaci\u00f3n educativa, realizar\u00e1n el Congreso \u201cDiscusiones actuales sobre razonamiento probatorio\u201d<br><br>(REDACCI\u00d3N\/VOCESVER.COM7NOTI CIAS<br><br><br>Veracruz, Ver, a 09 de febrero de 2022).\u2013 El Centro Universitario Latino Veracruz (CEULVER) firm\u00f3 un convenio de colaboraci\u00f3n con la Universidad Girona de Espa\u00f1a, as\u00ed lo inform\u00f3 la Rectora Amelia Huerta Miranda.<br><br>Una de las primeras actividades que conjuntamente realizar\u00e1n ambas entidades acad\u00e9micas ser\u00e1 el denominado Congreso \u201cDiscusiones actuales sobre razonamiento probatorio\u201d, el cual se efectuar\u00e1 del 25 al 27 de agosto.<br><br>Este simposio de actualizaci\u00f3n est\u00e1 dirigido a estudiantes en la Licenciatura de Derecho, profesionistas en activo y comunidad af\u00edn a la actividad legal en el estado de Veracruz y del interior de la rep\u00fablica mexicana.<br><br>En el grupo de conferencistas destaca la trayectoria y experiencia de los profesionales que impartir\u00e1n c\u00e1tedra, tal es el caso de: Jordi Ferrer (\u00bfQu\u00e9 queda la carga de prueba?), Carmen V\u00e1squez (La valoraci\u00f3n in itinere de la prueba pericial), Diego del Vecchi (La prueba de los estados mentales), \u00c9dgar Aguilera (Justificaci\u00f3n epist\u00e9mica y motivaci\u00f3n judicial), Laura Manrique (La prueba de las emociones).<br><br>Pablo Navarro (Una l\u00f3gica para el razonamiento probatorio), Sebastian Rebolledo (La prueba en el derecho ambiental), Sidney Marcos (La prueba en medidas cautelares), Jaime Oportus (La prueba de hechos futuros), Marianela Delgado (Prueba y perspectiva de g\u00e9nero), Juan Jes\u00fas Guti\u00e9rrez (La prueba en las decisiones previas al juicio oral) y Alejo Giles (Prueba estad\u00edstica y discriminaci\u00f3n).<br><br>\u201cEn tres d\u00edas, doce ponentes nacionales e internacionales brindar\u00e1n los conocimientos m\u00e1s actualizados en materia jur\u00eddica; una sinergia emprendida por El Centro Universitario Latino Veracruz y la Universidad de Girona Espa\u00f1a.<br><br>Los temas de investigaci\u00f3n que expondr\u00e1 cada ponente est\u00e1n confirmados; adem\u00e1s de los debates, tambi\u00e9n ser\u00e1n presentados dos libros; dos magnas obras en materia probatoria de reciente publicaci\u00f3n\u201d, indic\u00f3 la Rectora de CEULVER, Amelia Huerta Miranda.<br><br>Cabe mencionar que este Congreso \u201cDiscusiones actuales sobre razonamiento probatorio\u201d, se desarrollar\u00e1 del 25 al 27 de agosto en Canc\u00fan, Quintana Roo.<br><br><br><br><br><br><br><br><br><br><br><br><br><br><br><br><br><br><br><br><br><br><br><br><br><br><br><br><br><br><br><br><br><br><br><br><br><br><br><br><\/p>\n","protected":false},"excerpt":{"rendered":"<p>*En su nueva vinculaci\u00f3n educativa, realizar\u00e1n el Congreso \u201cDiscusiones actuales sobre razonamiento probatorio\u201d (REDACCI\u00d3N\/VOCESVER.COM7NOTI CIAS Veracruz, Ver, a 09 de<\/p>\n","protected":false},"author":2,"featured_media":33366,"comment_status":"open","ping_status":"open","sticky":false,"template":"","format":"standard","meta":{"colormag_page_container_layout":"default_layout","colormag_page_sidebar_layout":"default_layout","footnotes":""},"categories":[2],"tags":[],"class_list":["post-33356","post","type-post","status-publish","format-standard","has-post-thumbnail","hentry","category-infogral"],"_links":{"self":[{"href":"http:\/\/vocesver.com\/noticias\/wp-json\/wp\/v2\/posts\/33356","targetHints":{"allow":["GET"]}}],"collection":[{"href":"http:\/\/vocesver.com\/noticias\/wp-json\/wp\/v2\/posts"}],"about":[{"href":"http:\/\/vocesver.com\/noticias\/wp-json\/wp\/v2\/types\/post"}],"author":[{"embeddable":true,"href":"http:\/\/vocesver.com\/noticias\/wp-json\/wp\/v2\/users\/2"}],"replies":[{"embeddable":true,"href":"http:\/\/vocesver.com\/noticias\/wp-json\/wp\/v2\/comments?post=33356"}],"version-history":[{"count":2,"href":"http:\/\/vocesver.com\/noticias\/wp-json\/wp\/v2\/posts\/33356\/revisions"}],"predecessor-version":[{"id":33362,"href":"http:\/\/vocesver.com\/noticias\/wp-json\/wp\/v2\/posts\/33356\/revisions\/33362"}],"wp:featuredmedia":[{"embeddable":true,"href":"http:\/\/vocesver.com\/noticias\/wp-json\/wp\/v2\/media\/33366"}],"wp:attachment":[{"href":"http:\/\/vocesver.com\/noticias\/wp-json\/wp\/v2\/media?parent=33356"}],"wp:term":[{"taxonomy":"category","embeddable":true,"href":"http:\/\/vocesver.com\/noticias\/wp-json\/wp\/v2\/categories?post=33356"},{"taxonomy":"post_tag","embeddable":true,"href":"http:\/\/vocesver.com\/noticias\/wp-json\/wp\/v2\/tags?post=33356"}],"curies":[{"name":"wp","href":"https:\/\/api.w.org\/{rel}","templated":true}]}}