{"id":33354,"date":"2022-02-09T22:13:10","date_gmt":"2022-02-09T22:13:10","guid":{"rendered":"http:\/\/vocesver.com\/noticias\/?p=33354"},"modified":"2022-02-09T22:16:40","modified_gmt":"2022-02-09T22:16:40","slug":"legislamos-a-favor-de-derechos-humanos-de-la-ninez-hernandez-espejo","status":"publish","type":"post","link":"http:\/\/vocesver.com\/noticias\/legislamos-a-favor-de-derechos-humanos-de-la-ninez-hernandez-espejo\/","title":{"rendered":"Legislamos a favor de Derechos Humanos de la ni\u00f1ez: Hern\u00e1ndez Espejo"},"content":{"rendered":"\n<p>*Alimentaci\u00f3n, educaci\u00f3n y oficios sin condici\u00f3n de sexo<br>*Pueblos ind\u00edgenas tendr\u00edan acceso a la educaci\u00f3n naval<br>*Iniciativa del orden militar pasa al Senado de la Rep\u00fablica<br><br>AUSENCIO RIVERA\/VOCESVER.COM\/NOTICIAS<br><br>CDMX.- A 09  de Febrero 2022.- Como parte de la sesi\u00f3n ordinaria de la C\u00e1mara de Diputados, este mi\u00e9rcoles la bancada de Morena de la LXV Legislatura aprob\u00f3 en votaci\u00f3n semipresencial, diversas reformas con proyecto de decreto emanadas de las comisiones de Justicia y de Marina, respectivamente.<br>Rosa Mar\u00eda Hern\u00e1ndez Espejo, Diputada Federal de Morena por el Distrito 4 de Veracruz, indic\u00f3 que en materia de justicia se realiz\u00f3 la modificaci\u00f3n al art\u00edculo 308 del C\u00f3digo Civil Federal que garantizar\u00e1 el otorgamiento de alimentos a los menores de edad sin condici\u00f3n de su sexo.<br>Luego de aprobarse con 482 votos a favor, 0 en contra y 0 abstenciones, precis\u00f3 que los tutores tendr\u00e1n que considerar otros aspectos como los gastos necesarios para propiciarles alg\u00fan oficio, arte o profesi\u00f3n honestos, que puedan ser de utilidad y herramienta para el bienestar y desempe\u00f1o en edad adulta.<br>La diputada porte\u00f1a precis\u00f3 que entre otros temas se prob\u00f3, con 484 a favor, 0 en contra y 0 abstenciones; la reforma al Art\u00edculo X de la Ley de Educaci\u00f3n Naval, que de aprobarse en la C\u00e1mara de Senadores, fortalecer\u00e1 el Sistema Educativo Naval al incorporar una visi\u00f3n democr\u00e1tica y moderna, que contemple los derechos humanos de los pueblos ind\u00edgenas a la educaci\u00f3n intercultural y de g\u00e9nero.<br>Hern\u00e1ndez Espejo subray\u00f3 que con esta legislaci\u00f3n se impulsar\u00eda la convivencia social respetuosa y de aprecio a las diferencias al interior de las instituciones educativas navales, a un mejor desempe\u00f1o de las y los integrantes de las Fuerzas Armadas, as\u00ed como al establecimiento de la igualdad sustantiva en el \u00e1mbito militar.<br><br>&#8212;<br><br><br><br><br><br><br><br><br><br><br><br><br><br><br><br><br><br><br><br><br><br><br><br><br><br><br><br><br><br><br><br><br><br><br><\/p>\n","protected":false},"excerpt":{"rendered":"<p>*Alimentaci\u00f3n, educaci\u00f3n y oficios sin condici\u00f3n de sexo*Pueblos ind\u00edgenas tendr\u00edan acceso a la educaci\u00f3n naval*Iniciativa del orden militar pasa al<\/p>\n","protected":false},"author":2,"featured_media":33359,"comment_status":"open","ping_status":"open","sticky":false,"template":"","format":"standard","meta":{"colormag_page_container_layout":"default_layout","colormag_page_sidebar_layout":"default_layout","footnotes":""},"categories":[2],"tags":[],"class_list":["post-33354","post","type-post","status-publish","format-standard","has-post-thumbnail","hentry","category-infogral"],"_links":{"self":[{"href":"http:\/\/vocesver.com\/noticias\/wp-json\/wp\/v2\/posts\/33354","targetHints":{"allow":["GET"]}}],"collection":[{"href":"http:\/\/vocesver.com\/noticias\/wp-json\/wp\/v2\/posts"}],"about":[{"href":"http:\/\/vocesver.com\/noticias\/wp-json\/wp\/v2\/types\/post"}],"author":[{"embeddable":true,"href":"http:\/\/vocesver.com\/noticias\/wp-json\/wp\/v2\/users\/2"}],"replies":[{"embeddable":true,"href":"http:\/\/vocesver.com\/noticias\/wp-json\/wp\/v2\/comments?post=33354"}],"version-history":[{"count":3,"href":"http:\/\/vocesver.com\/noticias\/wp-json\/wp\/v2\/posts\/33354\/revisions"}],"predecessor-version":[{"id":33358,"href":"http:\/\/vocesver.com\/noticias\/wp-json\/wp\/v2\/posts\/33354\/revisions\/33358"}],"wp:featuredmedia":[{"embeddable":true,"href":"http:\/\/vocesver.com\/noticias\/wp-json\/wp\/v2\/media\/33359"}],"wp:attachment":[{"href":"http:\/\/vocesver.com\/noticias\/wp-json\/wp\/v2\/media?parent=33354"}],"wp:term":[{"taxonomy":"category","embeddable":true,"href":"http:\/\/vocesver.com\/noticias\/wp-json\/wp\/v2\/categories?post=33354"},{"taxonomy":"post_tag","embeddable":true,"href":"http:\/\/vocesver.com\/noticias\/wp-json\/wp\/v2\/tags?post=33354"}],"curies":[{"name":"wp","href":"https:\/\/api.w.org\/{rel}","templated":true}]}}