{"id":33344,"date":"2022-02-09T21:26:31","date_gmt":"2022-02-09T21:26:31","guid":{"rendered":"http:\/\/vocesver.com\/noticias\/?p=33344"},"modified":"2022-02-09T22:19:39","modified_gmt":"2022-02-09T22:19:39","slug":"autoridades-laborales-de-veracruz-quieren-detener-reinstalacion-de-tamseros-despedidosguevara-moreno","status":"publish","type":"post","link":"http:\/\/vocesver.com\/noticias\/autoridades-laborales-de-veracruz-quieren-detener-reinstalacion-de-tamseros-despedidosguevara-moreno\/","title":{"rendered":"AUTORIDADES LABORALES DE VERACRUZ  QUIEREN DETENER REINSTALACI\u00d3N DE TAMSEROS  DESPEDIDOS:GUEVARA MORENO"},"content":{"rendered":"\n<p><br>\u00b0Advierten que no lo van a permitir, pues ya existe un ordenamiento por parte del Segundo Tribunal Colegiado en materia laboral de la Ciudad de Xalapa.<br>\u00b0Solo han sido reinstalados 40, faltan 400 m\u00e1s\u2026..<br>AUSENCIO RIVERA\/VOCESVER.COM\/NOTICIAS<br>Veracruz,Ver.- a 09 de Febrero 2022.-El presidente del Movimiento Libertad por la Democracia(MLD) Jos\u00e9 Carlos Guevara Moreno mejor conocido como\u201d  EL Profe\u201d en el gremio tamsero arremeti\u00f3 en contra de las autoridades laborales federales de la Ciudad de M\u00e9xico y del puerto de Veracruz por querer detener la reinstalaci\u00f3n total de los extrabajadores del Sindicato Unidad y Progreso de Tamsa que fueron corridos por el sindicato y la empresa en a\u00f1os pasados.<br>En su mensaje que dio a conocer este domingo  a la clase trabajadora record\u00f3 que por indicaciones del Segundo Tribunal Colegiado en materia laboral de Xalapa se orden\u00f3 que m\u00e1s de 400 ex trabajadores fueran reinstalados en sus puestos de trabajo y, aunque los primeros 40 fueron reinstalados sin ning\u00fan problema.<br>Ahora la Junta Federal 45 de de Conciliaci\u00f3n y Arbitrajes de la Ciudad de Veracruz se niega a cumplir con tal disposici\u00f3n argumentando que es por  culpa de la pandemia del covid-19.<br>Sin embargo el tambi\u00e9n secretario general aut\u00e9ntico del SNUP advirti\u00f3 que si las autoridades laborales federales  de la  Ciudad de M\u00e9xico no le dan cumplimiento a este ordenamiento, el MLD tomar\u00e1 otras medidas que ya analizan entre los integrantes de esta organizaci\u00f3n.<br><br><br><br><br><br><br><br><br><br><br><br><br><br><br><br><br><br><br><br><br><br><br><br><br><br><br><br><br><br><br><br><br><\/p>\n","protected":false},"excerpt":{"rendered":"<p>\u00b0Advierten que no lo van a permitir, pues ya existe un ordenamiento por parte del Segundo Tribunal Colegiado en materia<\/p>\n","protected":false},"author":2,"featured_media":33350,"comment_status":"open","ping_status":"open","sticky":false,"template":"","format":"standard","meta":{"colormag_page_container_layout":"default_layout","colormag_page_sidebar_layout":"default_layout","footnotes":""},"categories":[2],"tags":[],"class_list":["post-33344","post","type-post","status-publish","format-standard","has-post-thumbnail","hentry","category-infogral"],"_links":{"self":[{"href":"http:\/\/vocesver.com\/noticias\/wp-json\/wp\/v2\/posts\/33344","targetHints":{"allow":["GET"]}}],"collection":[{"href":"http:\/\/vocesver.com\/noticias\/wp-json\/wp\/v2\/posts"}],"about":[{"href":"http:\/\/vocesver.com\/noticias\/wp-json\/wp\/v2\/types\/post"}],"author":[{"embeddable":true,"href":"http:\/\/vocesver.com\/noticias\/wp-json\/wp\/v2\/users\/2"}],"replies":[{"embeddable":true,"href":"http:\/\/vocesver.com\/noticias\/wp-json\/wp\/v2\/comments?post=33344"}],"version-history":[{"count":3,"href":"http:\/\/vocesver.com\/noticias\/wp-json\/wp\/v2\/posts\/33344\/revisions"}],"predecessor-version":[{"id":33352,"href":"http:\/\/vocesver.com\/noticias\/wp-json\/wp\/v2\/posts\/33344\/revisions\/33352"}],"wp:featuredmedia":[{"embeddable":true,"href":"http:\/\/vocesver.com\/noticias\/wp-json\/wp\/v2\/media\/33350"}],"wp:attachment":[{"href":"http:\/\/vocesver.com\/noticias\/wp-json\/wp\/v2\/media?parent=33344"}],"wp:term":[{"taxonomy":"category","embeddable":true,"href":"http:\/\/vocesver.com\/noticias\/wp-json\/wp\/v2\/categories?post=33344"},{"taxonomy":"post_tag","embeddable":true,"href":"http:\/\/vocesver.com\/noticias\/wp-json\/wp\/v2\/tags?post=33344"}],"curies":[{"name":"wp","href":"https:\/\/api.w.org\/{rel}","templated":true}]}}