{"id":33340,"date":"2022-02-08T22:40:29","date_gmt":"2022-02-08T22:40:29","guid":{"rendered":"http:\/\/vocesver.com\/noticias\/?p=33340"},"modified":"2022-02-08T22:42:08","modified_gmt":"2022-02-08T22:42:08","slug":"asume-claudia-lizeth-torres-la-coordinacion-tecnica-en-mexico-de-la-liga-internacional-grd","status":"publish","type":"post","link":"http:\/\/vocesver.com\/noticias\/asume-claudia-lizeth-torres-la-coordinacion-tecnica-en-mexico-de-la-liga-internacional-grd\/","title":{"rendered":"*Asume Claudia Lizeth Torres, la Coordinaci\u00f3n T\u00e9cnica en M\u00e9xico de la Liga Internacional GRD*"},"content":{"rendered":"\n<p><br>*<br><br>*La entrenadora veracruzana representar\u00e1 a M\u00e9xico en este proyecto internacional de Gimnasia R\u00edtmica<br><br>REDACCI\u00d3N\/VOCESVER.COM\/NOTICIAS<br><br>(Boca del R\u00edo, Ver., 08 de febrero de 2022).\u2013 La directora general y entrenadora de Club de Oro Veracruz, Claudia Lizeth Torres Cruz ha sido designada como Coordinadora T\u00e9cnica en M\u00e9xico de la Liga Internacional de Gimnasia R\u00edtmica GRD, con sede en Chile.<br><br>\u201cEstoy muy contenta de este nombramiento de coordinadora nacional de la Liga de Gimnasia R\u00edtmica Internacional, acept\u00e9 y ahora estamos trabajando en coordinaci\u00f3n de otros pa\u00edses; el objetivo es fomentar la practica de la gimnasia r\u00edtmica no tan solo en categor\u00eda elite sino en categor\u00edas de principiantes.<br><br>Ahorita vamos a estar haciendo tres eliminatorias en el pa\u00eds; en diferentes fechas y la final internacional va a ser del 11 al 13 de diciembre e Chile, en donde esperamos llevar a cuatro gimnastas mexicanas de cada categor\u00eda en esa competencia\u201d, se\u00f1al\u00f3 Torres Cruz.<br><br>Liga GRD es una organizaci\u00f3n cuyo objetivo es fomentar la pr\u00e1ctica de la gimnasia r\u00edtmica (GR) desde los niveles iniciales a los m\u00e1s complejos creando espacios de competencia y aprendizaje para ni\u00f1os, ni\u00f1as y entrenadores, t\u00e9cnicos, profesores y otros.<br><br>En este proyecto deportivo internacional se propone generar mejoras en la Gimnasia R\u00edtmica (Base) realizando un trabajo met\u00f3dico, ordenado y sistem\u00e1tico que permita seguir desarrollando esta gimnasia desde todos los \u00e1mbitos.<br><br>En la Liga Gimnasia R\u00edtmica Deportiva (GRD) participan gimnastas de diversos pa\u00edses: Uruguay, Bolivia, Paraguay, Per\u00fa, Argentina, Colombia y M\u00e9xico (que participa como nuevo invitado).<br><br>Cabe se\u00f1alar que la Liga GRD cuenta con el aval de la Federaci\u00f3n de Gimnasia de Chile y el reconocimiento de la Universidad de Chile; respectivamente.<br><br>Claudia Lizeth Torres Cruz agradeci\u00f3 la invitaci\u00f3n recibida a incorporarse a la Liga GRD, sobre todo por la distinci\u00f3n a su trayectoria como entrenadora, especialista en la ense\u00f1anza y practica de la Gimnasia R\u00edtmica al interior de la rep\u00fablica mexicana, en especial en la entidad veracruzana y su aporte a trav\u00e9s de las escuelas de Club de Oro.<br><br><br><br><br><br><br><br><br><br><br><br><br><br><br><br><br><br><br><br><br><br><br><br><br><br><br><br><br><br><br><br><br><br><br><br><br><br><br><br><br><br><br><br><\/p>\n","protected":false},"excerpt":{"rendered":"<p>* *La entrenadora veracruzana representar\u00e1 a M\u00e9xico en este proyecto internacional de Gimnasia R\u00edtmica REDACCI\u00d3N\/VOCESVER.COM\/NOTICIAS (Boca del R\u00edo, Ver., 08<\/p>\n","protected":false},"author":2,"featured_media":33346,"comment_status":"open","ping_status":"open","sticky":false,"template":"","format":"standard","meta":{"colormag_page_container_layout":"default_layout","colormag_page_sidebar_layout":"default_layout","footnotes":""},"categories":[2],"tags":[],"class_list":["post-33340","post","type-post","status-publish","format-standard","has-post-thumbnail","hentry","category-infogral"],"_links":{"self":[{"href":"http:\/\/vocesver.com\/noticias\/wp-json\/wp\/v2\/posts\/33340","targetHints":{"allow":["GET"]}}],"collection":[{"href":"http:\/\/vocesver.com\/noticias\/wp-json\/wp\/v2\/posts"}],"about":[{"href":"http:\/\/vocesver.com\/noticias\/wp-json\/wp\/v2\/types\/post"}],"author":[{"embeddable":true,"href":"http:\/\/vocesver.com\/noticias\/wp-json\/wp\/v2\/users\/2"}],"replies":[{"embeddable":true,"href":"http:\/\/vocesver.com\/noticias\/wp-json\/wp\/v2\/comments?post=33340"}],"version-history":[{"count":2,"href":"http:\/\/vocesver.com\/noticias\/wp-json\/wp\/v2\/posts\/33340\/revisions"}],"predecessor-version":[{"id":33345,"href":"http:\/\/vocesver.com\/noticias\/wp-json\/wp\/v2\/posts\/33340\/revisions\/33345"}],"wp:featuredmedia":[{"embeddable":true,"href":"http:\/\/vocesver.com\/noticias\/wp-json\/wp\/v2\/media\/33346"}],"wp:attachment":[{"href":"http:\/\/vocesver.com\/noticias\/wp-json\/wp\/v2\/media?parent=33340"}],"wp:term":[{"taxonomy":"category","embeddable":true,"href":"http:\/\/vocesver.com\/noticias\/wp-json\/wp\/v2\/categories?post=33340"},{"taxonomy":"post_tag","embeddable":true,"href":"http:\/\/vocesver.com\/noticias\/wp-json\/wp\/v2\/tags?post=33340"}],"curies":[{"name":"wp","href":"https:\/\/api.w.org\/{rel}","templated":true}]}}