{"id":33336,"date":"2022-02-08T22:33:35","date_gmt":"2022-02-08T22:33:35","guid":{"rendered":"http:\/\/vocesver.com\/noticias\/?p=33336"},"modified":"2022-02-08T22:33:36","modified_gmt":"2022-02-08T22:33:36","slug":"conoce-la-pregunta-y-alcance-de-la-revocacion-de-mandato","status":"publish","type":"post","link":"http:\/\/vocesver.com\/noticias\/conoce-la-pregunta-y-alcance-de-la-revocacion-de-mandato\/","title":{"rendered":"Conoce la pregunta y alcance de la Revocaci\u00f3n de Mandato"},"content":{"rendered":"\n<p><br><br>En las casillas estar\u00e1 una papeleta que contendr\u00e1 la pregunta de Revocaci\u00f3n de Mandato. Foto: Especial<br><br><br><br>REDACCI\u00d3N\/VOCESVER.COM\/NOTICIAS<br><br><br>NACIONAL. A 8 DE FEBRERO 2022.- DE ACUERDO CON INFORMACI\u00d3N DE REDACCI\u00d3N\/UNOTV&#8230;.El pr\u00f3ximo 10 de abril las y los mexicanos podr\u00e1n asistir a las urnas para que, si as\u00ed lo quieren, revoquen el mandato del actual presidente de M\u00e9xico.<br><br><br>La Revocaci\u00f3n de Mandato es el instrumento de participaci\u00f3n solicitado por la ciudadan\u00eda para determinar la conclusi\u00f3n anticipada en el desempe\u00f1o de la persona titular de la Presidencia de la Rep\u00fablica, a partir de la p\u00e9rdida de la confianza.<br><br><br>Una vez que se cumpli\u00f3 con el requisito de que al menos el 3% de la Lista Nominal solicitara la realizaci\u00f3n del ejercicio, el INE convoc\u00f3 para que se lleve a cabo el 10 de abril.<br><br>\u00bfCu\u00e1l ser\u00e1 la pregunta de la Revocaci\u00f3n de Mandato?<br>En las casillas se encontrar\u00e1n con una papeleta que contendr\u00e1 la siguiente pregunta:<br><br><br>\u201c\u00bfEst\u00e1s de acuerdo en que a ANDR\u00c9S MANUEL L\u00d3PEZ OBRADOR, presidente de los Estados Unidos Mexicanos, se le revoque el mandato por p\u00e9rdida de la confianza o siga en la Presidencia de la Rep\u00fablica hasta que termine su periodo?\u201d.<br><br><br>La o el ciudadano, el d\u00eda de la jornada de la Revocaci\u00f3n de Mandato, emitir\u00e1 su voto de manera libre y secreta en las casillas instaladas para tal efecto, marcando en la papeleta el cuadro correspondiente a una de las opciones siguientes:<br><br>a) Que se le revoque el mandato por p\u00e9rdida de la confianza, o<br>b) Que siga en la Presidencia de la Rep\u00fablica<br>La Revocaci\u00f3n de Mandato s\u00f3lo proceder\u00e1 por mayor\u00eda absoluta; es decir, cuando la declaratoria de validez que emita el Tribunal Electoral indique que la participaci\u00f3n total de la ciudadan\u00eda en el proceso fue, al menos, del 40% de las personas inscritas en la Lista Nominal de Electores; el resultado ser\u00e1 vinculatorio para la persona titular de la Presidencia de la Rep\u00fablica.<br><br><br>Si los resultados de la jornada de votaci\u00f3n de la ciudadan\u00eda indican que procede la Revocaci\u00f3n de Mandato, la persona titular de la Presidencia de la Rep\u00fablica se entender\u00e1 separada definitivamente del cargo, cuando el Tribunal Electoral emita la declaratoria de revocaci\u00f3n y el Congreso deber\u00e1 nombrar al presidente interino o sustituto.<br><br><br>INF. DE REDACCI\u00d3N\/UNOTV&#8230;<br><br><br><br><br><br><br><br><br><br><br><br><br><br><br><br><br><br><br><br><br><br><br><br><br><br><br><br><br><\/p>\n","protected":false},"excerpt":{"rendered":"<p>En las casillas estar\u00e1 una papeleta que contendr\u00e1 la pregunta de Revocaci\u00f3n de Mandato. Foto: Especial REDACCI\u00d3N\/VOCESVER.COM\/NOTICIAS NACIONAL. A 8<\/p>\n","protected":false},"author":2,"featured_media":33341,"comment_status":"open","ping_status":"open","sticky":false,"template":"","format":"standard","meta":{"colormag_page_container_layout":"default_layout","colormag_page_sidebar_layout":"default_layout","footnotes":""},"categories":[5],"tags":[],"class_list":["post-33336","post","type-post","status-publish","format-standard","has-post-thumbnail","hentry","category-nacional"],"_links":{"self":[{"href":"http:\/\/vocesver.com\/noticias\/wp-json\/wp\/v2\/posts\/33336","targetHints":{"allow":["GET"]}}],"collection":[{"href":"http:\/\/vocesver.com\/noticias\/wp-json\/wp\/v2\/posts"}],"about":[{"href":"http:\/\/vocesver.com\/noticias\/wp-json\/wp\/v2\/types\/post"}],"author":[{"embeddable":true,"href":"http:\/\/vocesver.com\/noticias\/wp-json\/wp\/v2\/users\/2"}],"replies":[{"embeddable":true,"href":"http:\/\/vocesver.com\/noticias\/wp-json\/wp\/v2\/comments?post=33336"}],"version-history":[{"count":2,"href":"http:\/\/vocesver.com\/noticias\/wp-json\/wp\/v2\/posts\/33336\/revisions"}],"predecessor-version":[{"id":33342,"href":"http:\/\/vocesver.com\/noticias\/wp-json\/wp\/v2\/posts\/33336\/revisions\/33342"}],"wp:featuredmedia":[{"embeddable":true,"href":"http:\/\/vocesver.com\/noticias\/wp-json\/wp\/v2\/media\/33341"}],"wp:attachment":[{"href":"http:\/\/vocesver.com\/noticias\/wp-json\/wp\/v2\/media?parent=33336"}],"wp:term":[{"taxonomy":"category","embeddable":true,"href":"http:\/\/vocesver.com\/noticias\/wp-json\/wp\/v2\/categories?post=33336"},{"taxonomy":"post_tag","embeddable":true,"href":"http:\/\/vocesver.com\/noticias\/wp-json\/wp\/v2\/tags?post=33336"}],"curies":[{"name":"wp","href":"https:\/\/api.w.org\/{rel}","templated":true}]}}