{"id":33332,"date":"2022-02-08T22:26:42","date_gmt":"2022-02-08T22:26:42","guid":{"rendered":"http:\/\/vocesver.com\/noticias\/?p=33332"},"modified":"2022-02-08T22:27:39","modified_gmt":"2022-02-08T22:27:39","slug":"llegan-refuerzos-estadounidenses-a-rumania-ante-crisis-ruso-ucraniana","status":"publish","type":"post","link":"http:\/\/vocesver.com\/noticias\/llegan-refuerzos-estadounidenses-a-rumania-ante-crisis-ruso-ucraniana\/","title":{"rendered":"Llegan refuerzos estadounidenses a Rumania ante crisis ruso-ucraniana"},"content":{"rendered":"\n<p><br><br>Estados Unidos manda refuerzos a Rumania por crisis entre Rusia y Ucrania. Foto: AFP<br><br><br>REDACCI\u00d3N\/VOCESVER.COM\/NOTICIAS<br><br>INTERNACIONAL. A 8 DE FEBERO  2022.-De acuero con informaci\u00f3n de AGENCIAS\/AFP&#8230;. Estados Unidos envi\u00f3 un contingente de soldados a Rumania para tranquilizar a sus aliados europeos inquietos por las tensiones entre Rusia y Ucrania, anunci\u00f3 este martes el ministro de Defensa.<br><br><br>\u201cYa lleg\u00f3 un centenar de soldados estadounidenses, especialistas que se encargar\u00e1n de organizar el despliegue (del futuro contingente) Pronto se incorporar\u00e1n el resto de tropas\u201d,<br><br>Indic\u00f3 ante la prensa Vasile Dancu.<br>Sin embargo, el ministro de Defensa de Estados Unidos no brind\u00f3 detalles sobre el calendario y a qu\u00e9 bases militares ser\u00e1n enviados los elementos.<br><br><br>Estados Unidos hab\u00eda anunciado a comienzos de febrero que enviar\u00eda 3 mil soldados adicionales a Europa del Este, de los cuales, mil ser\u00e1n destinados para Rumania, a fin de apoyar a las fuerzas de la OTAN ya presentes all\u00ed.<br><br>Occidente teme una invasi\u00f3n rusa a Ucrania, a causa de las decenas de miles de efectivos desplegados en la frontera.<br><br><br>El s\u00e1bado, ya hab\u00edan llegado a Polonia otros soldados norteamericanos, pa\u00eds que acoger\u00e1 en total a mil 700 de \u00e9stos.<br><br><br>Otros pa\u00edses miembros de la OTAN ya han anunciado su intenci\u00f3n de reforzar la presencia de la alianza en la regi\u00f3n del Mar Negro, donde \u00e9sta es mucho menor que en el norte, en concreto en el B\u00e1ltico.<br><br>Rumania, miembro de la OTAN desde 2004, ya acoge en su territorio a 900 soldados estadounidense, 140 italianos y 250 polacos.<br><br>El conflicto que mantiene en alerta al mundo<br>Desde hace 30 a\u00f1os Ucrania alcanz\u00f3 su independencia de la Uni\u00f3n Sovi\u00e9tica y desde entonces la tensi\u00f3n entre las naciones han permanecido vigentes; sin embargo, el conflicto alcanz\u00f3 su punto \u00e1lgido en 2014 cuando Mosc\u00fa arrebat\u00f3 Crimea a Ucrania en 2014 y desde entonces ha respaldado a los separatistas que luchan contra Kiev en el este del pa\u00eds.<br><br>Poco a poco, en Europa se podr\u00eda escalar a un conflicto militar, luego de que Rusia reuniera a unos 100 mil soldados en la frontera con Ucrania, lo que hace temer una invasi\u00f3n a esa exrep\u00fablica sovi\u00e9tica y un regreso al periodo conocido como la Guerra Fr\u00eda, donde pa\u00edses de Occidente y Mosc\u00fa tensan cada vez m\u00e1s las relaciones.<br><br><br><br>INF. DE AGENCIAS\/AFP&#8230;..<br><br><br><br><br><br><br><br><br><br><br><br><br><br><br><br><br><br><br><br><br><br><br><br><br><br><br><br><br><br><\/p>\n","protected":false},"excerpt":{"rendered":"<p>Estados Unidos manda refuerzos a Rumania por crisis entre Rusia y Ucrania. Foto: AFP REDACCI\u00d3N\/VOCESVER.COM\/NOTICIAS INTERNACIONAL. A 8 DE FEBERO<\/p>\n","protected":false},"author":2,"featured_media":33338,"comment_status":"open","ping_status":"open","sticky":false,"template":"","format":"standard","meta":{"colormag_page_container_layout":"default_layout","colormag_page_sidebar_layout":"default_layout","footnotes":""},"categories":[6],"tags":[],"class_list":["post-33332","post","type-post","status-publish","format-standard","has-post-thumbnail","hentry","category-internacional"],"_links":{"self":[{"href":"http:\/\/vocesver.com\/noticias\/wp-json\/wp\/v2\/posts\/33332","targetHints":{"allow":["GET"]}}],"collection":[{"href":"http:\/\/vocesver.com\/noticias\/wp-json\/wp\/v2\/posts"}],"about":[{"href":"http:\/\/vocesver.com\/noticias\/wp-json\/wp\/v2\/types\/post"}],"author":[{"embeddable":true,"href":"http:\/\/vocesver.com\/noticias\/wp-json\/wp\/v2\/users\/2"}],"replies":[{"embeddable":true,"href":"http:\/\/vocesver.com\/noticias\/wp-json\/wp\/v2\/comments?post=33332"}],"version-history":[{"count":2,"href":"http:\/\/vocesver.com\/noticias\/wp-json\/wp\/v2\/posts\/33332\/revisions"}],"predecessor-version":[{"id":33337,"href":"http:\/\/vocesver.com\/noticias\/wp-json\/wp\/v2\/posts\/33332\/revisions\/33337"}],"wp:featuredmedia":[{"embeddable":true,"href":"http:\/\/vocesver.com\/noticias\/wp-json\/wp\/v2\/media\/33338"}],"wp:attachment":[{"href":"http:\/\/vocesver.com\/noticias\/wp-json\/wp\/v2\/media?parent=33332"}],"wp:term":[{"taxonomy":"category","embeddable":true,"href":"http:\/\/vocesver.com\/noticias\/wp-json\/wp\/v2\/categories?post=33332"},{"taxonomy":"post_tag","embeddable":true,"href":"http:\/\/vocesver.com\/noticias\/wp-json\/wp\/v2\/tags?post=33332"}],"curies":[{"name":"wp","href":"https:\/\/api.w.org\/{rel}","templated":true}]}}