{"id":33326,"date":"2022-02-08T22:16:30","date_gmt":"2022-02-08T22:16:30","guid":{"rendered":"http:\/\/vocesver.com\/noticias\/?p=33326"},"modified":"2022-02-08T22:19:01","modified_gmt":"2022-02-08T22:19:01","slug":"pandemia-del-covid-19-agudisa-crisis-economcia-de-la-radio-y-la-tvdirigente","status":"publish","type":"post","link":"http:\/\/vocesver.com\/noticias\/pandemia-del-covid-19-agudisa-crisis-economcia-de-la-radio-y-la-tvdirigente\/","title":{"rendered":"PANDEMIA DEL COVID-19 AGUDISA CRISIS  ECON\u00d3MCIA DE LA RADIO Y LA TV:DIRIGENTE"},"content":{"rendered":"\n<p>REDACCI\u00d3N\/VOCESVER.COM\/NOTICIAS<\/p>\n\n\n\n<p><br>Veracruz,Ver.- De acuerdo con declaraciones del dirigente regional del Sindicato de Trabajadores la Industria de la Radio y la Televici\u00f3n(STIRT), Mario Barrios Sarmiento la pandemia del covid-19 ha agudizado la crisis econ\u00f3mica en el pa\u00eds,provocando que esta industria enfrente su peor inicio de a\u00f1o en varios ciclos.<br><br>\u00abLa gran mayor\u00eda de empresas se expresan a trav\u00e9s de los medios de comunicaci\u00f3n, se anuncian a trav\u00e9s de los medios de comunicaci\u00f3n y por supuesto que al no ver desarrollo o actividad pues no ha sido nada f\u00e1cil.\u00bb<br><br>El dirigente sindical reconpci\u00f3 que la industria de medios de comunicaci\u00f3n ha sido muy afectada por el tema de la pandemia sanitaria y quienes han tenido que ser creativos para mantener su plantilla laboral.<br><br>\u201cPero acepto y reconozco que, si se perdieron fuentes de empleo y que no ha sido f\u00e1cil, mantener las que est\u00e1n vigentes hoy en las diferentes empresas, que ha sido una situaci\u00f3n dif\u00edcil y complicada, que ha habido muchas empresas que han logrado mantener hist\u00f3ricos sus n\u00fameros de trabajadores y que, con estrategia e inteligencia, han sabido salir adelante de esta situaci\u00f3n\u201d.<br><br>Incluso, el presidente estatal del Congreso del Trabajo refiri\u00f3 que se perdieron empleos en empresas de medios de comunicaci\u00f3n, los cuales confi\u00f3 en que se recuperen en este 2022.<br><br>\u201cNo ser\u00e1 nada f\u00e1cil, pero las condiciones est\u00e1n dadas para un crecimiento en general, pero todo mundo debe aplicarse desde los propios trabajadores. As\u00ed como las empresas, diversificar ideas, encontrar las f\u00f3rmulas para poder cumplir con todos los compromisos que se tienen\u201d.<br><br><br><br><br><br><br><br><br><br><br><br><br><br><br><br><br><br><br><br><br><br><br><br><br><br><br><br><br><br><br><br><br><br><br><\/p>\n","protected":false},"excerpt":{"rendered":"<p>REDACCI\u00d3N\/VOCESVER.COM\/NOTICIAS Veracruz,Ver.- De acuerdo con declaraciones del dirigente regional del Sindicato de Trabajadores la Industria de la Radio y la<\/p>\n","protected":false},"author":2,"featured_media":33334,"comment_status":"open","ping_status":"open","sticky":false,"template":"","format":"standard","meta":{"colormag_page_container_layout":"default_layout","colormag_page_sidebar_layout":"default_layout","footnotes":""},"categories":[2],"tags":[],"class_list":["post-33326","post","type-post","status-publish","format-standard","has-post-thumbnail","hentry","category-infogral"],"_links":{"self":[{"href":"http:\/\/vocesver.com\/noticias\/wp-json\/wp\/v2\/posts\/33326","targetHints":{"allow":["GET"]}}],"collection":[{"href":"http:\/\/vocesver.com\/noticias\/wp-json\/wp\/v2\/posts"}],"about":[{"href":"http:\/\/vocesver.com\/noticias\/wp-json\/wp\/v2\/types\/post"}],"author":[{"embeddable":true,"href":"http:\/\/vocesver.com\/noticias\/wp-json\/wp\/v2\/users\/2"}],"replies":[{"embeddable":true,"href":"http:\/\/vocesver.com\/noticias\/wp-json\/wp\/v2\/comments?post=33326"}],"version-history":[{"count":2,"href":"http:\/\/vocesver.com\/noticias\/wp-json\/wp\/v2\/posts\/33326\/revisions"}],"predecessor-version":[{"id":33333,"href":"http:\/\/vocesver.com\/noticias\/wp-json\/wp\/v2\/posts\/33326\/revisions\/33333"}],"wp:featuredmedia":[{"embeddable":true,"href":"http:\/\/vocesver.com\/noticias\/wp-json\/wp\/v2\/media\/33334"}],"wp:attachment":[{"href":"http:\/\/vocesver.com\/noticias\/wp-json\/wp\/v2\/media?parent=33326"}],"wp:term":[{"taxonomy":"category","embeddable":true,"href":"http:\/\/vocesver.com\/noticias\/wp-json\/wp\/v2\/categories?post=33326"},{"taxonomy":"post_tag","embeddable":true,"href":"http:\/\/vocesver.com\/noticias\/wp-json\/wp\/v2\/tags?post=33326"}],"curies":[{"name":"wp","href":"https:\/\/api.w.org\/{rel}","templated":true}]}}