{"id":33322,"date":"2022-02-07T20:52:01","date_gmt":"2022-02-07T20:52:01","guid":{"rendered":"http:\/\/vocesver.com\/noticias\/?p=33322"},"modified":"2022-02-07T20:53:12","modified_gmt":"2022-02-07T20:53:12","slug":"el-ine-publica-convocatoria-para-la-consulta-de-revocacion-de-mandato-foto-cuartoscuro","status":"publish","type":"post","link":"http:\/\/vocesver.com\/noticias\/el-ine-publica-convocatoria-para-la-consulta-de-revocacion-de-mandato-foto-cuartoscuro\/","title":{"rendered":"El INE publica convocatoria para la consulta de Revocaci\u00f3n de Mandato. Foto Cuartoscuro"},"content":{"rendered":"\n<p>REDACCI\u00d3N\/VOCESVER.COM\/NOTICIAS<br><br><br>NACIONAL.- A 7 DE FEBRERO 2022.-DE ACUERDO CON INFORMACI\u00d3N DE REDACCI\u00d3N\/UNOTV&#8230;. El Instituto Nacional Electoral (INE) public\u00f3 este lunes 7 de febrero la convocatoria para la consulta de Revocaci\u00f3n de Mandato del presidente Andr\u00e9s Manuel L\u00f3pez Obrador, la cual se efectuar\u00e1 el pr\u00f3ximo 10 de abril.<br><br><br>La #Revocaci\u00f3nDeMandato, \u00a1va!<br><br>Conoce qu\u00e9 sigue en la organizaci\u00f3n del primer ejercicio ciudadano de este tipo, que tendr\u00e1 lugar el pr\u00f3ximo 10 de abril. https:\/\/t.co\/9zwta5Q4Lu pic.twitter.com\/zGAGnRLO10<br><br>\u2014 @INEMexico (@INEMexico) February 7, 2022<br>El acuerdo expresa que la promoci\u00f3n y difusi\u00f3n de la Revocaci\u00f3n de Mandato comenzar\u00e1 al d\u00eda siguiente de la publicaci\u00f3n en el Diario Oficial de la Federaci\u00f3n y concluir\u00e1 hasta tres d\u00edas previos a la fecha de la consulta.<br><br><br>El INE promover\u00e1 durante la campa\u00f1a la participaci\u00f3n de los ciudadanos en la Revocaci\u00f3n de Mandato a trav\u00e9s de los tiempos oficiales que le corresponden en radio y televisi\u00f3n.<br><br>Tambi\u00e9n, el INE deber\u00e1 efectuar dos foros de discusi\u00f3n durante el periodo que comprende la publicaci\u00f3n de la convocatoria y la realizaci\u00f3n de la consulta de Revocaci\u00f3n de Mandato.<br><br><br><br>&#x27a1;Nos estamos preparando para la #Revocaci\u00f3nDeMandato.<br><br>Inf\u00f3rmate y este 10\/ABR, \u00a1participa! https:\/\/t.co\/9zwta5ytTW pic.twitter.com\/xVtyMihgsO<br><br>\u2014 @INEMexico (@INEMexico) February 7, 2022<br>Nadie podr\u00e1 contratar propaganda durante consulta<br>La convocatoria publicada en el DOF refiere que ninguna otra persona f\u00edsica o moral, sea a t\u00edtulo propio o por cuenta de terceros, podr\u00e1 contratar propaganda en radio y televisi\u00f3n dirigida a influir en la opini\u00f3n de las y los ciudadanos sobre la Revocaci\u00f3n de Mandato.<br><br><br>Adem\u00e1s, detalla que durante la veda electoral se suspender\u00e1 la difusi\u00f3n en los medios de comunicaci\u00f3n de toda propaganda gubernamental de cualquier orden de gobierno del 4 de febrero al 10 de abril.<br><br><br>Tambi\u00e9n informa que los mexicanos que residan en el extranjero podr\u00e1n participar en la consulta de Revocaci\u00f3n de Mandato, de acuerdo a lo dispuesto en la Ley General de Instituciones y Procedimientos Electorales.<br><br>El texto explica que la modalidad para ejercer su derecho al voto en la Revocaci\u00f3n de Mandato, ser\u00e1 de manera electr\u00f3nica por Internet.<br><br>\u201cA partir de las 20:00 horas, tiempo del centro de M\u00e9xico, del 1 de abril dar\u00e1 inicio el periodo de votaci\u00f3n, y concluir\u00e1 a las 18:00 horas del d\u00eda 10 de abril\u201d.<br><br>Acuerdo del Consejo General del INE por el que se aprueba la convocatoria para Revocaci\u00f3n de Mandato<br>Revocaci\u00f3n de Mandato: \u00bfCu\u00e1l es la pregunta?<br>La pregunta en la boleta para la consulta de Revocaci\u00f3n de Mandato que estar\u00e1 disponible en cada una de las 57 mil 300 casillas que se instalar\u00e1n el d\u00eda de la jornada es la siguiente:<br><br>\u201c\u00bfEst\u00e1s de acuerdo en que a Andr\u00e9s Manuel L\u00f3pez Obrador, Presidente de los Estados Unidos Mexicanos, se le revoque el mandato por p\u00e9rdida de la confianza o siga en la Presidencia de la Rep\u00fablica hasta que termine su periodo?\u201d<br><br>Y las respuestas son:<br><br>\u201cQue se le revoque el mandato por p\u00e9rdida de la confianza, o que siga en la Presidencia de la Rep\u00fablica\u201d<br><br>TE PUEDE INTERESAR: \u00bfQu\u00e9 es la Revocaci\u00f3n de Mandato a la que se someter\u00e1 AMLO y para qu\u00e9 sirve?<br>La convocatoria establece que la Revocaci\u00f3n de Mandato s\u00f3lo proceder\u00e1 por mayor\u00eda absoluta y el resultado ser\u00e1 vinculatorio para el titular del Ejecutivo, cuando la declaratoria de validez que emita el Tribunal Electoral del Poder Judicial de la Federaci\u00f3n indique que la participaci\u00f3n total en la consulta sea de al menos del 40% de las personas inscritas en la lista nominal de electores.<br><br><br><br><br><br>INF. DE REDACCI\u00d3N\/UNOTV&#8230;..<br><br><br><br><br><br><br><br><br><br><br><br><br><br><br><br><br><br><br><br><br><br><br><br><br><br><br><\/p>\n","protected":false},"excerpt":{"rendered":"<p>REDACCI\u00d3N\/VOCESVER.COM\/NOTICIAS NACIONAL.- A 7 DE FEBRERO 2022.-DE ACUERDO CON INFORMACI\u00d3N DE REDACCI\u00d3N\/UNOTV&#8230;. El Instituto Nacional Electoral (INE) public\u00f3 este lunes<\/p>\n","protected":false},"author":2,"featured_media":33328,"comment_status":"open","ping_status":"open","sticky":false,"template":"","format":"standard","meta":{"colormag_page_container_layout":"default_layout","colormag_page_sidebar_layout":"default_layout","footnotes":""},"categories":[5],"tags":[],"class_list":["post-33322","post","type-post","status-publish","format-standard","has-post-thumbnail","hentry","category-nacional"],"_links":{"self":[{"href":"http:\/\/vocesver.com\/noticias\/wp-json\/wp\/v2\/posts\/33322","targetHints":{"allow":["GET"]}}],"collection":[{"href":"http:\/\/vocesver.com\/noticias\/wp-json\/wp\/v2\/posts"}],"about":[{"href":"http:\/\/vocesver.com\/noticias\/wp-json\/wp\/v2\/types\/post"}],"author":[{"embeddable":true,"href":"http:\/\/vocesver.com\/noticias\/wp-json\/wp\/v2\/users\/2"}],"replies":[{"embeddable":true,"href":"http:\/\/vocesver.com\/noticias\/wp-json\/wp\/v2\/comments?post=33322"}],"version-history":[{"count":2,"href":"http:\/\/vocesver.com\/noticias\/wp-json\/wp\/v2\/posts\/33322\/revisions"}],"predecessor-version":[{"id":33327,"href":"http:\/\/vocesver.com\/noticias\/wp-json\/wp\/v2\/posts\/33322\/revisions\/33327"}],"wp:featuredmedia":[{"embeddable":true,"href":"http:\/\/vocesver.com\/noticias\/wp-json\/wp\/v2\/media\/33328"}],"wp:attachment":[{"href":"http:\/\/vocesver.com\/noticias\/wp-json\/wp\/v2\/media?parent=33322"}],"wp:term":[{"taxonomy":"category","embeddable":true,"href":"http:\/\/vocesver.com\/noticias\/wp-json\/wp\/v2\/categories?post=33322"},{"taxonomy":"post_tag","embeddable":true,"href":"http:\/\/vocesver.com\/noticias\/wp-json\/wp\/v2\/tags?post=33322"}],"curies":[{"name":"wp","href":"https:\/\/api.w.org\/{rel}","templated":true}]}}