{"id":33318,"date":"2022-02-07T20:47:26","date_gmt":"2022-02-07T20:47:26","guid":{"rendered":"http:\/\/vocesver.com\/noticias\/?p=33318"},"modified":"2022-02-07T20:47:28","modified_gmt":"2022-02-07T20:47:28","slug":"que-es-y-cuando-inicia-la-veda-electoral","status":"publish","type":"post","link":"http:\/\/vocesver.com\/noticias\/que-es-y-cuando-inicia-la-veda-electoral\/","title":{"rendered":"\u00bfQu\u00e9 es y cu\u00e1ndo inicia la veda electoral?"},"content":{"rendered":"\n<p><br><br>\u00bfQu\u00e9 es y cu\u00e1ndo inicia la veda electoral? Foto: Cuartoscuro.<br><br>REDACCI\u00d3N\/VOCESVER.COM\/NOTICIAS<br><br><br>NACIONAL.- A 7 DE FEBRERO 2022.- DE ACUERDO CON INFORMACI\u00d3N DE UNOTV&#8230;..Ahora que se vienen elecciones en los estados de Aguascalientes, Durango, Hidalgo, Oaxaca, Quintana Roo y Tamaulipas, as\u00ed como la consulta de Revocaci\u00f3n de Mandato, es com\u00fan escuchar que comienza la veda electoral.<br><br><br>La veda electoral est\u00e1 contemplada en el art\u00edculo 33 de la Ley Federal de Revocaci\u00f3n de Mandato, el cual establece que ninguna persona f\u00edsica o moral, sea a t\u00edtulo propio o por cuenta de terceros, podr\u00e1 contratar propaganda en radio y televisi\u00f3n dirigida a influir en la opini\u00f3n de las y los ciudadanos sobre la Revocaci\u00f3n de Mandato.<br><br><br>Para tal efecto, el Instituto Nacional Electoral (INE) es el \u00f3rgano que ordena la cancelaci\u00f3n de cualquier propaganda e inicia el proceso de sanci\u00f3n correspondiente. De esta forma, los gobiernos locales y el gobierno federal deben de abstenerse de realizar dichos actos.<br><br>\u00bfQu\u00e9 es la veda electoral?<br>La veda electoral, seg\u00fan el INE es una jornada de reflexi\u00f3n o silencio electoral. Es el lapso durante el cual se aplican una serie de prohibiciones legales vinculadas a la propaganda pol\u00edtica, que se pone en marcha cuando hay elecciones. Puede comenzar unos d\u00edas u horas antes de los procesos electorales y acabar horas despu\u00e9s.<br><br>Imagen: INE<br>\u00bfCu\u00e1ndo inicia la veda electoral?<br>Durante la veda electoral, se suspende la difusi\u00f3n en los medios de comunicaci\u00f3n de toda propaganda gubernamental de cualquier orden de gobierno. Este periodo de veda electoral ser\u00e1 del 4 de febrero al 10 de abril.<br>Los poderes p\u00fablicos, \u00f3rganos aut\u00f3nomos, dependencias, entidades p\u00fablicas de los tres \u00f3rdenes de gobierno, s\u00f3lo podr\u00e1n difundir campa\u00f1as de informaci\u00f3n relativas a servicios educativos y de salud o de Protecci\u00f3n Civil.<br><br>La Ley refiere que est\u00e1 prohibido el uso de recursos p\u00fablicos para la recolecci\u00f3n de firmas, as\u00ed como con fines de promoci\u00f3n y propaganda relacionados con los procesos de Revocaci\u00f3n de Mandato.<br><br>TE PUEDE INTERESAR: Se adelantar\u00e1n pagos de pensi\u00f3n y beca para el Bienestar por veda electoral<br>\u00bfQu\u00e9 objetivo tiene la veda electoral?<br>Uno de los objetivos de la veda electoral es que los participantes del proceso electoral, en este caso de la Revocaci\u00f3n de Mandato, puedan reflexionar, te\u00f3ricamente sin ser influidos, sobre la consulta sobre si se est\u00e1 de acuerdo en que al Presidente se le revoque el mandato por p\u00e9rdida de la confianza o siga en su cargo hasta que termine su periodo.<br><br>Otro objetivo es evitar que puedan generarse posibles incidentes entre simpatizantes de diversos partidos pol\u00edticos. En este periodo, queda prohibido que los actores pol\u00edticos difundan sus resultados electorales, con el fin de evitar que con dichos datos se influya de mala manera en los votantes, al \u00faltimo momento de la elecci\u00f3n.<br><br><br><br>INF. DE UNOTV&#8230;&#8230;.<br><br><br><br><br><br><br><br><br><br><br><br><br><br><br><br><br><br><br><br><br><br><br><br><br><br><br><br><br><\/p>\n","protected":false},"excerpt":{"rendered":"<p>\u00bfQu\u00e9 es y cu\u00e1ndo inicia la veda electoral? Foto: Cuartoscuro. REDACCI\u00d3N\/VOCESVER.COM\/NOTICIAS NACIONAL.- A 7 DE FEBRERO 2022.- DE ACUERDO CON<\/p>\n","protected":false},"author":2,"featured_media":33323,"comment_status":"open","ping_status":"open","sticky":false,"template":"","format":"standard","meta":{"colormag_page_container_layout":"default_layout","colormag_page_sidebar_layout":"default_layout","footnotes":""},"categories":[5],"tags":[],"class_list":["post-33318","post","type-post","status-publish","format-standard","has-post-thumbnail","hentry","category-nacional"],"_links":{"self":[{"href":"http:\/\/vocesver.com\/noticias\/wp-json\/wp\/v2\/posts\/33318","targetHints":{"allow":["GET"]}}],"collection":[{"href":"http:\/\/vocesver.com\/noticias\/wp-json\/wp\/v2\/posts"}],"about":[{"href":"http:\/\/vocesver.com\/noticias\/wp-json\/wp\/v2\/types\/post"}],"author":[{"embeddable":true,"href":"http:\/\/vocesver.com\/noticias\/wp-json\/wp\/v2\/users\/2"}],"replies":[{"embeddable":true,"href":"http:\/\/vocesver.com\/noticias\/wp-json\/wp\/v2\/comments?post=33318"}],"version-history":[{"count":2,"href":"http:\/\/vocesver.com\/noticias\/wp-json\/wp\/v2\/posts\/33318\/revisions"}],"predecessor-version":[{"id":33324,"href":"http:\/\/vocesver.com\/noticias\/wp-json\/wp\/v2\/posts\/33318\/revisions\/33324"}],"wp:featuredmedia":[{"embeddable":true,"href":"http:\/\/vocesver.com\/noticias\/wp-json\/wp\/v2\/media\/33323"}],"wp:attachment":[{"href":"http:\/\/vocesver.com\/noticias\/wp-json\/wp\/v2\/media?parent=33318"}],"wp:term":[{"taxonomy":"category","embeddable":true,"href":"http:\/\/vocesver.com\/noticias\/wp-json\/wp\/v2\/categories?post=33318"},{"taxonomy":"post_tag","embeddable":true,"href":"http:\/\/vocesver.com\/noticias\/wp-json\/wp\/v2\/tags?post=33318"}],"curies":[{"name":"wp","href":"https:\/\/api.w.org\/{rel}","templated":true}]}}