{"id":33312,"date":"2022-02-07T20:37:58","date_gmt":"2022-02-07T20:37:58","guid":{"rendered":"http:\/\/vocesver.com\/noticias\/?p=33312"},"modified":"2022-02-07T20:39:42","modified_gmt":"2022-02-07T20:39:42","slug":"pese-al-mal-tiempo-turistas-recorren-el-malecon-de-veracruz","status":"publish","type":"post","link":"http:\/\/vocesver.com\/noticias\/pese-al-mal-tiempo-turistas-recorren-el-malecon-de-veracruz\/","title":{"rendered":"PESE AL MAL TIEMPO TURISTAS RECORREN EL MALEC\u00d3N DE VERACRUZ."},"content":{"rendered":"\n<p><br>REDACCI\u00d3N\/VOCESVER.COM\/NOTICIAS<br><br>Veracruz,Ver.- a 07 de Febero 2022.- Pese al mal tiempo que prevalece en el puerto de Veracruz, el turismo que lleg\u00f3 con motivo del puente vacacional del aniversario de la Constituci\u00f3n recorre el Melec\u00f3n de Veracruz. Foto Ausencio RIVERA&#8230;<br><br><br><br><br><br><\/p>\n","protected":false},"excerpt":{"rendered":"<p>REDACCI\u00d3N\/VOCESVER.COM\/NOTICIAS Veracruz,Ver.- a 07 de Febero 2022.- Pese al mal tiempo que prevalece en el puerto de Veracruz, el turismo<\/p>\n","protected":false},"author":2,"featured_media":33320,"comment_status":"open","ping_status":"open","sticky":false,"template":"","format":"standard","meta":{"colormag_page_container_layout":"default_layout","colormag_page_sidebar_layout":"default_layout","footnotes":""},"categories":[2],"tags":[],"class_list":["post-33312","post","type-post","status-publish","format-standard","has-post-thumbnail","hentry","category-infogral"],"_links":{"self":[{"href":"http:\/\/vocesver.com\/noticias\/wp-json\/wp\/v2\/posts\/33312","targetHints":{"allow":["GET"]}}],"collection":[{"href":"http:\/\/vocesver.com\/noticias\/wp-json\/wp\/v2\/posts"}],"about":[{"href":"http:\/\/vocesver.com\/noticias\/wp-json\/wp\/v2\/types\/post"}],"author":[{"embeddable":true,"href":"http:\/\/vocesver.com\/noticias\/wp-json\/wp\/v2\/users\/2"}],"replies":[{"embeddable":true,"href":"http:\/\/vocesver.com\/noticias\/wp-json\/wp\/v2\/comments?post=33312"}],"version-history":[{"count":2,"href":"http:\/\/vocesver.com\/noticias\/wp-json\/wp\/v2\/posts\/33312\/revisions"}],"predecessor-version":[{"id":33319,"href":"http:\/\/vocesver.com\/noticias\/wp-json\/wp\/v2\/posts\/33312\/revisions\/33319"}],"wp:featuredmedia":[{"embeddable":true,"href":"http:\/\/vocesver.com\/noticias\/wp-json\/wp\/v2\/media\/33320"}],"wp:attachment":[{"href":"http:\/\/vocesver.com\/noticias\/wp-json\/wp\/v2\/media?parent=33312"}],"wp:term":[{"taxonomy":"category","embeddable":true,"href":"http:\/\/vocesver.com\/noticias\/wp-json\/wp\/v2\/categories?post=33312"},{"taxonomy":"post_tag","embeddable":true,"href":"http:\/\/vocesver.com\/noticias\/wp-json\/wp\/v2\/tags?post=33312"}],"curies":[{"name":"wp","href":"https:\/\/api.w.org\/{rel}","templated":true}]}}