{"id":33307,"date":"2022-02-07T20:29:50","date_gmt":"2022-02-07T20:29:50","guid":{"rendered":"http:\/\/vocesver.com\/noticias\/?p=33307"},"modified":"2022-02-07T20:33:09","modified_gmt":"2022-02-07T20:33:09","slug":"el-mal-tiempo-deja-basura-en-muelles-del-malecon","status":"publish","type":"post","link":"http:\/\/vocesver.com\/noticias\/el-mal-tiempo-deja-basura-en-muelles-del-malecon\/","title":{"rendered":"EL MAL TIEMPO DEJA BASURA EN MUELLES DEL MALEC\u00d3N."},"content":{"rendered":"\n<p>Veracruz,Ver.- a 07 de Febrero 2022.- El mal tiempo tambi\u00e9n ha dejado algo de basura en los muelles del Malec\u00f3n. En la gr\u00e1fica se observa como los desechos se acumulan. Foto Ausencio RIVERA\u2026\u2026<br><br><br><br><br><br><br><br><br><br><br><br><br><br><br><br><br><br><br><br><br><br><br><br><br><br><br><br><br><br><br><\/p>\n","protected":false},"excerpt":{"rendered":"<p>Veracruz,Ver.- a 07 de Febrero 2022.- El mal tiempo tambi\u00e9n ha dejado algo de basura en los muelles del Malec\u00f3n.<\/p>\n","protected":false},"author":2,"featured_media":33315,"comment_status":"open","ping_status":"open","sticky":false,"template":"","format":"standard","meta":{"colormag_page_container_layout":"default_layout","colormag_page_sidebar_layout":"default_layout","footnotes":""},"categories":[2],"tags":[],"class_list":["post-33307","post","type-post","status-publish","format-standard","has-post-thumbnail","hentry","category-infogral"],"_links":{"self":[{"href":"http:\/\/vocesver.com\/noticias\/wp-json\/wp\/v2\/posts\/33307","targetHints":{"allow":["GET"]}}],"collection":[{"href":"http:\/\/vocesver.com\/noticias\/wp-json\/wp\/v2\/posts"}],"about":[{"href":"http:\/\/vocesver.com\/noticias\/wp-json\/wp\/v2\/types\/post"}],"author":[{"embeddable":true,"href":"http:\/\/vocesver.com\/noticias\/wp-json\/wp\/v2\/users\/2"}],"replies":[{"embeddable":true,"href":"http:\/\/vocesver.com\/noticias\/wp-json\/wp\/v2\/comments?post=33307"}],"version-history":[{"count":3,"href":"http:\/\/vocesver.com\/noticias\/wp-json\/wp\/v2\/posts\/33307\/revisions"}],"predecessor-version":[{"id":33316,"href":"http:\/\/vocesver.com\/noticias\/wp-json\/wp\/v2\/posts\/33307\/revisions\/33316"}],"wp:featuredmedia":[{"embeddable":true,"href":"http:\/\/vocesver.com\/noticias\/wp-json\/wp\/v2\/media\/33315"}],"wp:attachment":[{"href":"http:\/\/vocesver.com\/noticias\/wp-json\/wp\/v2\/media?parent=33307"}],"wp:term":[{"taxonomy":"category","embeddable":true,"href":"http:\/\/vocesver.com\/noticias\/wp-json\/wp\/v2\/categories?post=33307"},{"taxonomy":"post_tag","embeddable":true,"href":"http:\/\/vocesver.com\/noticias\/wp-json\/wp\/v2\/tags?post=33307"}],"curies":[{"name":"wp","href":"https:\/\/api.w.org\/{rel}","templated":true}]}}