{"id":33303,"date":"2022-02-07T20:17:51","date_gmt":"2022-02-07T20:17:51","guid":{"rendered":"http:\/\/vocesver.com\/noticias\/?p=33303"},"modified":"2022-02-07T20:19:29","modified_gmt":"2022-02-07T20:19:29","slug":"continua-la-alerta-gris-en-el-puerto-de-veracruz-por-el-frente-frio-no-28-se-reintensificara-el-viento-del-norte-el-lunes-7-y-martes-8-de-febrero","status":"publish","type":"post","link":"http:\/\/vocesver.com\/noticias\/continua-la-alerta-gris-en-el-puerto-de-veracruz-por-el-frente-frio-no-28-se-reintensificara-el-viento-del-norte-el-lunes-7-y-martes-8-de-febrero\/","title":{"rendered":"Contin\u00faa la Alerta Gris en el Puerto de Veracruz por el Frente Fr\u00edo No. 28; se reintensificar\u00e1 el viento del norte el lunes 7 y martes 8 de febrero*"},"content":{"rendered":"\n<p><br>Provocar\u00e1 posibles rachas de hasta 95 kil\u00f3metros por hora_<br>REDACCI\u00d3N\/VOCESVER.COM\/NOTICIAS<br><br>Veracruz,Ver,. El Gobierno Municipal de Veracruz, a trav\u00e9s de la Unidad de Protecci\u00f3n Civil, informa que contin\u00faa la Alerta Gris en el Puerto por el Frente Fr\u00edo No. 28 emitida por las autoridades estatales, reintensific\u00e1ndose el viento del norte los d\u00edas lunes 7 y martes 8 de febrero, con posibles rachas de hasta los 95 kil\u00f3metros por hora.<br><br>Protecci\u00f3n Civil Municipal pide a la poblaci\u00f3n extremar las precauciones y hace las siguientes recomendaciones:<br><br>1. Si no se tiene la necesidad de salir de casa, no lo haga.<br><br>2. Sujetar todo aquello que pueda salir proyectado (techos de l\u00e1mina y espectaculares, entre otros).<br><br>3. Estar pendiente de las actualizaciones del tiempo.<br><br>En caso de registrarse alguna emergencia, el Gobierno Municipal de Veracruz pone a disposici\u00f3n de la ciudadan\u00eda los siguientes tel\u00e9fonos: 2292002270, 2292002271 y el 911.<br><br><br><br><br><br><br><br><br><br><br><br><br><br><br><br><br><br><br><br><br><br><br><br><br><br><br><br><br><br><\/p>\n","protected":false},"excerpt":{"rendered":"<p>Provocar\u00e1 posibles rachas de hasta 95 kil\u00f3metros por hora_REDACCI\u00d3N\/VOCESVER.COM\/NOTICIAS Veracruz,Ver,. El Gobierno Municipal de Veracruz, a trav\u00e9s de la Unidad<\/p>\n","protected":false},"author":2,"featured_media":33310,"comment_status":"open","ping_status":"open","sticky":false,"template":"","format":"standard","meta":{"colormag_page_container_layout":"default_layout","colormag_page_sidebar_layout":"default_layout","footnotes":""},"categories":[2],"tags":[],"class_list":["post-33303","post","type-post","status-publish","format-standard","has-post-thumbnail","hentry","category-infogral"],"_links":{"self":[{"href":"http:\/\/vocesver.com\/noticias\/wp-json\/wp\/v2\/posts\/33303","targetHints":{"allow":["GET"]}}],"collection":[{"href":"http:\/\/vocesver.com\/noticias\/wp-json\/wp\/v2\/posts"}],"about":[{"href":"http:\/\/vocesver.com\/noticias\/wp-json\/wp\/v2\/types\/post"}],"author":[{"embeddable":true,"href":"http:\/\/vocesver.com\/noticias\/wp-json\/wp\/v2\/users\/2"}],"replies":[{"embeddable":true,"href":"http:\/\/vocesver.com\/noticias\/wp-json\/wp\/v2\/comments?post=33303"}],"version-history":[{"count":2,"href":"http:\/\/vocesver.com\/noticias\/wp-json\/wp\/v2\/posts\/33303\/revisions"}],"predecessor-version":[{"id":33308,"href":"http:\/\/vocesver.com\/noticias\/wp-json\/wp\/v2\/posts\/33303\/revisions\/33308"}],"wp:featuredmedia":[{"embeddable":true,"href":"http:\/\/vocesver.com\/noticias\/wp-json\/wp\/v2\/media\/33310"}],"wp:attachment":[{"href":"http:\/\/vocesver.com\/noticias\/wp-json\/wp\/v2\/media?parent=33303"}],"wp:term":[{"taxonomy":"category","embeddable":true,"href":"http:\/\/vocesver.com\/noticias\/wp-json\/wp\/v2\/categories?post=33303"},{"taxonomy":"post_tag","embeddable":true,"href":"http:\/\/vocesver.com\/noticias\/wp-json\/wp\/v2\/tags?post=33303"}],"curies":[{"name":"wp","href":"https:\/\/api.w.org\/{rel}","templated":true}]}}