{"id":33297,"date":"2022-02-07T20:12:49","date_gmt":"2022-02-07T20:12:49","guid":{"rendered":"http:\/\/vocesver.com\/noticias\/?p=33297"},"modified":"2022-02-07T20:13:53","modified_gmt":"2022-02-07T20:13:53","slug":"ceapp-se-suma-a-indignacion-por-asesinatos-y-violencia-contra-de-comunicadores","status":"publish","type":"post","link":"http:\/\/vocesver.com\/noticias\/ceapp-se-suma-a-indignacion-por-asesinatos-y-violencia-contra-de-comunicadores\/","title":{"rendered":"CEAPP se suma a indignaci\u00f3n por asesinatos y violencia contra de comunicadores*"},"content":{"rendered":"\n<p><br>AUSENCIO RIVERA\/VOCESVER.COM\/NOTICIAS<br><br><br>_*Xalapa, Ver., a 7 de febrero de 2022.-*_  Desde la Comisi\u00f3n Estatal para la Atenci\u00f3n y Protecci\u00f3n de los Periodistas (CEAPP) expresamos nuestra preocupaci\u00f3n por las continuas agresiones en contra de los comunicadores del pa\u00eds y por las condiciones de hostilidad para ejercer los derechos de libertad de expresi\u00f3n y acceso a la informaci\u00f3n.<br><br>Recientemente se confirm\u00f3 un nuevo homicidio de un comunicador en la ciudad de Tijuana, al norte del pa\u00eds, lo que coloca a Baja California como una entidad de alto riesgo para ejercer el periodismo; asimismo, en diferentes espacios p\u00fablicos se ha desacreditado a periodistas que ejercen su cr\u00edtica con impacto nacional y local, esto por no coincidir con posturas pol\u00edticas o intereses de quienes detentan el poder.<br><br>No obstante, vale la pena recordar que el pasado 10 de enero en Veracruz, territorio en el que esta Comisi\u00f3n delimita su actuar institucional y de intervenci\u00f3n, se registr\u00f3 el homicidio del comunicador Jos\u00e9 Luis Gamboa Arenas, incrementando el n\u00famero de periodistas asesinados en esta regi\u00f3n a 29 casos.<br><br>Por lo tanto, en observancia a los hechos y circunstancias que inciden en las condiciones de libertad de expresi\u00f3n y que en definitiva van en detrimento del libre ejercicio period\u00edstico, desde la CEAPP nos sumamos a la preocupaci\u00f3n e indignaci\u00f3n del gremio period\u00edstico.<br><br>Pero no solo eso, como instituci\u00f3n del Estado nos comprometemos a redoblar los esfuerzos para tomar nuestro lugar como organismo emergente y, de manera en\u00e9rgica, convocamos a las dem\u00e1s instancias que tienen las atribuciones en materia de prevenci\u00f3n del delito y procuraci\u00f3n de justicia, a dimensionar la necesidad de fortalecer una pol\u00edtica que evite m\u00e1s agresiones y castigue a quienes atentan contra los periodistas.<br><br><br><br><br><br><br><br><br><br><br><br><br><br><br><br><br><br><br><br><br><br><br><br><br><br><br><br><br><br><br><\/p>\n","protected":false},"excerpt":{"rendered":"<p>AUSENCIO RIVERA\/VOCESVER.COM\/NOTICIAS _*Xalapa, Ver., a 7 de febrero de 2022.-*_ Desde la Comisi\u00f3n Estatal para la Atenci\u00f3n y Protecci\u00f3n de<\/p>\n","protected":false},"author":2,"featured_media":33305,"comment_status":"open","ping_status":"open","sticky":false,"template":"","format":"standard","meta":{"colormag_page_container_layout":"default_layout","colormag_page_sidebar_layout":"default_layout","footnotes":""},"categories":[4],"tags":[],"class_list":["post-33297","post","type-post","status-publish","format-standard","has-post-thumbnail","hentry","category-estatal"],"_links":{"self":[{"href":"http:\/\/vocesver.com\/noticias\/wp-json\/wp\/v2\/posts\/33297","targetHints":{"allow":["GET"]}}],"collection":[{"href":"http:\/\/vocesver.com\/noticias\/wp-json\/wp\/v2\/posts"}],"about":[{"href":"http:\/\/vocesver.com\/noticias\/wp-json\/wp\/v2\/types\/post"}],"author":[{"embeddable":true,"href":"http:\/\/vocesver.com\/noticias\/wp-json\/wp\/v2\/users\/2"}],"replies":[{"embeddable":true,"href":"http:\/\/vocesver.com\/noticias\/wp-json\/wp\/v2\/comments?post=33297"}],"version-history":[{"count":2,"href":"http:\/\/vocesver.com\/noticias\/wp-json\/wp\/v2\/posts\/33297\/revisions"}],"predecessor-version":[{"id":33304,"href":"http:\/\/vocesver.com\/noticias\/wp-json\/wp\/v2\/posts\/33297\/revisions\/33304"}],"wp:featuredmedia":[{"embeddable":true,"href":"http:\/\/vocesver.com\/noticias\/wp-json\/wp\/v2\/media\/33305"}],"wp:attachment":[{"href":"http:\/\/vocesver.com\/noticias\/wp-json\/wp\/v2\/media?parent=33297"}],"wp:term":[{"taxonomy":"category","embeddable":true,"href":"http:\/\/vocesver.com\/noticias\/wp-json\/wp\/v2\/categories?post=33297"},{"taxonomy":"post_tag","embeddable":true,"href":"http:\/\/vocesver.com\/noticias\/wp-json\/wp\/v2\/tags?post=33297"}],"curies":[{"name":"wp","href":"https:\/\/api.w.org\/{rel}","templated":true}]}}