{"id":33178,"date":"2022-01-31T22:51:07","date_gmt":"2022-01-31T22:51:07","guid":{"rendered":"http:\/\/vocesver.com\/noticias\/?p=33178"},"modified":"2022-01-31T22:52:56","modified_gmt":"2022-01-31T22:52:56","slug":"da-positivo-justin-trudeau-primer-ministro-de-canada-contrajo-covid-19","status":"publish","type":"post","link":"http:\/\/vocesver.com\/noticias\/da-positivo-justin-trudeau-primer-ministro-de-canada-contrajo-covid-19\/","title":{"rendered":"Da positivo: Justin Trudeau primer ministro de Canad\u00e1, contrajo COVID-19"},"content":{"rendered":"\n<p><br>Justin Trudeau, primer ministro de Canad\u00e1, contrajo COVID-19. Foto AFP<br><br><br><br>REDACCI\u00d3N\/VOCESVER.COM\/NOTICIAS<br><br><br>INTERNACIONAL.- A 31 DE ENERO 2022&#8230;DE ACUERDO CON INFORMACI\u00d3N  DE AGENCIAS Y REDACCI\u00d3N\/ AFP\/UNOTV&#8230;&#8230;.El primer ministro de Canad\u00e1, Justin Trudeau, anunci\u00f3 este lunes que dio positivo a COVID-19, pero sin experimentar s\u00edntomas graves de la enfermedad.<br><br><br>\u201cEsta ma\u00f1ana, di positivo por COVID-19. Me siento bien, y continuar\u00e9 trabajando de forma remota esta semana mientras sigo las pautas de salud p\u00fablica\u201d.<br><br>Justin Trudeau, primer ministro de Canad\u00e1<br><br><br>Justin Trudeau manifest\u00f3 que se encuentra bien y seguir\u00e1 trabajando de forma remota y siguiendo las normas de salud p\u00fablica establecidas en Canad\u00e1.<br><br><br>Aunque Justin Trudeau hab\u00eda recibido recientemente su vacuna de refuerzo contra el COVID-19, este lunes confirm\u00f3 sobre su contagio, por lo que pidi\u00f3 a los canadienses a que lleven a cabo su vacunaci\u00f3n.<br><br>Seg\u00fan la oficina del primer ministro de Canad\u00e1, Justin Trudeau y su familia llevan varios d\u00edas aislados tras haber estado expuestos a COVID-19, y al menos uno de sus hijos ya dio positivo.<br><br>Indic\u00f3 que la familia de Justin Trudeau se reubic\u00f3 a un sitio no dado a conocer como medida de precauci\u00f3n, mientras contin\u00faan las protestas en la ciudad de Ottawa de opositores a las restricciones de salud impuestas por el gobierno de Canad\u00e1.<br><br><br>Canad\u00e1: protestas contra vacunaci\u00f3n<br>Las protestas pac\u00edficas contra la vacunaci\u00f3n por COVID-19 se llevaron a cabo el s\u00e1bado pasado frente al edificio del Parlamento canadiense, en el centro de Ottawa, pero los asistentes no respetaron las medidas sanitarias como distancia social o llevar cubrebocas.<br><br><br><br>El fin de semana se llevaron a cabo protestas en Ottawa de quienes se reh\u00fasan a vacunarse contra el COVID-19. Foto: AFP<br>El jefe de la Polic\u00eda de Ottawa, Peter Sloly, sostuvo en d\u00edas recientes que las fuerzas de seguridad estar\u00edan vigilando a los manifestantes radicales que provocaran alg\u00fan disturbio.<br><br><br><br>Los promotores de las protestas adelantaron que no dejaran la ciudad de Ottawa hasta que sus demandas sean atendidas por las autoridades.<br><br>Justin Trudeau es el tercer integrante de su familia que se <br>contagi\u00f3 de COVID-19. Al comienzo de la pandemia del coronavirus, su esposa Sophie Gr\u00e9goire se enferm\u00f3 de este padecimiento y se recuper\u00f3 con normalidad.<br><br><br>INF. DE AGENCIAS Y REDACCI\u00d3N\/UNOTV\/AFP&#8230;..<br><br><br><br><br><br><br><br><br><br><br><br><br><br><br><br><br><br><br><br><br><br><br><br><br><br><br><br><br><br><br><br><br><br><br><br><br><br><br><\/p>\n","protected":false},"excerpt":{"rendered":"<p>Justin Trudeau, primer ministro de Canad\u00e1, contrajo COVID-19. Foto AFP REDACCI\u00d3N\/VOCESVER.COM\/NOTICIAS INTERNACIONAL.- A 31 DE ENERO 2022&#8230;DE ACUERDO CON INFORMACI\u00d3N<\/p>\n","protected":false},"author":2,"featured_media":33184,"comment_status":"open","ping_status":"open","sticky":false,"template":"","format":"standard","meta":{"colormag_page_container_layout":"default_layout","colormag_page_sidebar_layout":"default_layout","footnotes":""},"categories":[6],"tags":[],"class_list":["post-33178","post","type-post","status-publish","format-standard","has-post-thumbnail","hentry","category-internacional"],"_links":{"self":[{"href":"http:\/\/vocesver.com\/noticias\/wp-json\/wp\/v2\/posts\/33178","targetHints":{"allow":["GET"]}}],"collection":[{"href":"http:\/\/vocesver.com\/noticias\/wp-json\/wp\/v2\/posts"}],"about":[{"href":"http:\/\/vocesver.com\/noticias\/wp-json\/wp\/v2\/types\/post"}],"author":[{"embeddable":true,"href":"http:\/\/vocesver.com\/noticias\/wp-json\/wp\/v2\/users\/2"}],"replies":[{"embeddable":true,"href":"http:\/\/vocesver.com\/noticias\/wp-json\/wp\/v2\/comments?post=33178"}],"version-history":[{"count":2,"href":"http:\/\/vocesver.com\/noticias\/wp-json\/wp\/v2\/posts\/33178\/revisions"}],"predecessor-version":[{"id":33183,"href":"http:\/\/vocesver.com\/noticias\/wp-json\/wp\/v2\/posts\/33178\/revisions\/33183"}],"wp:featuredmedia":[{"embeddable":true,"href":"http:\/\/vocesver.com\/noticias\/wp-json\/wp\/v2\/media\/33184"}],"wp:attachment":[{"href":"http:\/\/vocesver.com\/noticias\/wp-json\/wp\/v2\/media?parent=33178"}],"wp:term":[{"taxonomy":"category","embeddable":true,"href":"http:\/\/vocesver.com\/noticias\/wp-json\/wp\/v2\/categories?post=33178"},{"taxonomy":"post_tag","embeddable":true,"href":"http:\/\/vocesver.com\/noticias\/wp-json\/wp\/v2\/tags?post=33178"}],"curies":[{"name":"wp","href":"https:\/\/api.w.org\/{rel}","templated":true}]}}