{"id":33174,"date":"2022-01-31T22:24:05","date_gmt":"2022-01-31T22:24:05","guid":{"rendered":"http:\/\/vocesver.com\/noticias\/?p=33174"},"modified":"2022-01-31T22:25:48","modified_gmt":"2022-01-31T22:25:48","slug":"veracruz-cierra-filas-con-la-reforma-electrica-del-presidente-ramirez-zepeta","status":"publish","type":"post","link":"http:\/\/vocesver.com\/noticias\/veracruz-cierra-filas-con-la-reforma-electrica-del-presidente-ramirez-zepeta\/","title":{"rendered":"Veracruz cierra filas con la reforma el\u00e9ctrica del Presidente: Ram\u00edrez Zepeta"},"content":{"rendered":"\n<p>REDACCI\u00d3N\/VOCESVER.COM\/NOTICIAS<br><br>Xalapa, Ver., 31 de enero de 2022.- Contra la campa\u00f1a de desinformaci\u00f3n, Veracruz est\u00e1 cerrando filas con la reforma el\u00e9ctrica del Presidente al compartir con la ciudadan\u00eda los beneficios que traer\u00e1 para todos los mexicanos, expres\u00f3 el Delegado Estatal en funciones de Presidente del Movimiento de Regeneraci\u00f3n Nacional (Morena) en Veracruz, Esteban Ram\u00edrez Zepeta.<br><br>\u201cHemos visto que respecto a la reforma el\u00e9ctrica hay una campa\u00f1a de desinformaci\u00f3n impulsada por algunos privados y pol\u00edticos con intereses econ\u00f3micos en el sector energ\u00e9tico. Por eso, hay que cerrar filas compartiendo con la ciudadan\u00eda de qu\u00e9 trata y sus beneficios para desmentir mitos y confusiones\u201d, coment\u00f3.<br><br>El dirigente estatal de Morena destac\u00f3 la importancia de los foros sobre la reforma el\u00e9ctrica, como el encabezado en Boca del R\u00edo por la Secretaria de Energ\u00eda, Roc\u00edo Nahle Garc\u00eda y el gobernador de Veracruz, Cuitl\u00e1huac Garc\u00eda Jim\u00e9nez.<br><br>Subray\u00f3 la gran asistencia de las y los veracruzanos como una muestra de que en el estado la ciudadan\u00eda est\u00e1 convencida de defender esta reforma.  Manifest\u00f3 que la secretaria de Energ\u00eda \u201clo dijo muy bien, Veracruz est\u00e1 con la reforma el\u00e9ctrica del Presidente porque beneficia a todos los mexicanos y no solo a unos cuantos\u201d.<br><br>\u201cTenemos que decirle a la ciudadan\u00eda en qu\u00e9 consiste esta reforma el\u00e9ctrica y los beneficios que va a traer, para que se haga una realidad. Es un gran logro que se va a conseguir para el proyecto de la Cuarta Transformaci\u00f3n\u201d, dijo, invitando a la gente a unirse para acompa\u00f1ar en la tarea de informar a otros sobre el tema.<br><br><br><br><br><br><br><br><br><br><br><br><br><br><br><br><br><br><br><br><br><br><br><br><br><br><br><br><br><br><br><br><br><\/p>\n","protected":false},"excerpt":{"rendered":"<p>REDACCI\u00d3N\/VOCESVER.COM\/NOTICIAS Xalapa, Ver., 31 de enero de 2022.- Contra la campa\u00f1a de desinformaci\u00f3n, Veracruz est\u00e1 cerrando filas con la reforma<\/p>\n","protected":false},"author":2,"featured_media":33180,"comment_status":"open","ping_status":"open","sticky":false,"template":"","format":"standard","meta":{"colormag_page_container_layout":"default_layout","colormag_page_sidebar_layout":"default_layout","footnotes":""},"categories":[4],"tags":[],"class_list":["post-33174","post","type-post","status-publish","format-standard","has-post-thumbnail","hentry","category-estatal"],"_links":{"self":[{"href":"http:\/\/vocesver.com\/noticias\/wp-json\/wp\/v2\/posts\/33174","targetHints":{"allow":["GET"]}}],"collection":[{"href":"http:\/\/vocesver.com\/noticias\/wp-json\/wp\/v2\/posts"}],"about":[{"href":"http:\/\/vocesver.com\/noticias\/wp-json\/wp\/v2\/types\/post"}],"author":[{"embeddable":true,"href":"http:\/\/vocesver.com\/noticias\/wp-json\/wp\/v2\/users\/2"}],"replies":[{"embeddable":true,"href":"http:\/\/vocesver.com\/noticias\/wp-json\/wp\/v2\/comments?post=33174"}],"version-history":[{"count":2,"href":"http:\/\/vocesver.com\/noticias\/wp-json\/wp\/v2\/posts\/33174\/revisions"}],"predecessor-version":[{"id":33179,"href":"http:\/\/vocesver.com\/noticias\/wp-json\/wp\/v2\/posts\/33174\/revisions\/33179"}],"wp:featuredmedia":[{"embeddable":true,"href":"http:\/\/vocesver.com\/noticias\/wp-json\/wp\/v2\/media\/33180"}],"wp:attachment":[{"href":"http:\/\/vocesver.com\/noticias\/wp-json\/wp\/v2\/media?parent=33174"}],"wp:term":[{"taxonomy":"category","embeddable":true,"href":"http:\/\/vocesver.com\/noticias\/wp-json\/wp\/v2\/categories?post=33174"},{"taxonomy":"post_tag","embeddable":true,"href":"http:\/\/vocesver.com\/noticias\/wp-json\/wp\/v2\/tags?post=33174"}],"curies":[{"name":"wp","href":"https:\/\/api.w.org\/{rel}","templated":true}]}}