{"id":33165,"date":"2022-01-31T21:33:08","date_gmt":"2022-01-31T21:33:08","guid":{"rendered":"http:\/\/vocesver.com\/noticias\/?p=33165"},"modified":"2022-01-31T23:13:24","modified_gmt":"2022-01-31T23:13:24","slug":"por-culpa-de-insus-hay-mas-de-30-mil-terrenos-sin-ser-escriturados-en-veracruzmariscal-martinez","status":"publish","type":"post","link":"http:\/\/vocesver.com\/noticias\/por-culpa-de-insus-hay-mas-de-30-mil-terrenos-sin-ser-escriturados-en-veracruzmariscal-martinez\/","title":{"rendered":"POR CULPA DE INSUS HAY M\u00c1S DE 30 MIL TERRENOS  SIN SER ESCRITURADOS EN VERACRUZ:MARISCAL MART\u00cdNEZ"},"content":{"rendered":"\n<p><br>\u00b0Pedir\u00e9mos a AMLO que el titular de esa dependencia renuncie si no puede con el paquete.<\/p>\n\n\n\n<p>\u00b0No ha entendido la pol\u00edtica de la 4T, le est\u00e1 fallando al presidente de la Rep\u00fablica.<br><br>AUSENCIO RIVERA\/VOCESVER.COM\/NOTICIAS<br>Veracruz,Ver.- a 31 de Enero 2022.- En el puerto de Veracruz hay m\u00e1s de 30 mil personas esperando la escrituraci\u00f3n de sus terrenos, sin embargo INSUS antes CORETT no hacen nada por ayudar a esas gentes para que se puedan regularizar.<br>Lo anterior lo se\u00f1al\u00f3 Miguel Angel Mariscal Mart\u00ednez presidente de la Unidad de Barrios y Colonias del Puerto de Veracruz y quien dijo si el actual titular de INSUS en el Estado de Veracruz no puede con el paquete mejor que renuncie.<br>Explic\u00f3 que en el puerto de Veracruz: tenemos el 70 % de Ejidos como: las Bajadas, Santa F\u00e9, San Juli\u00e1n, Vargas, las  Lomas entre otros y no es posible que los encargados de Insus no trabajen en la regularizaci\u00f3n, pone mil pretexto.<br>Por eso ya decidimos pedirle a AMLO que cambie a estas personas que no entienden su pol\u00edtica de la cuarta trasformaci\u00f3n, si la entendieran no hubiera tanto rezago en la escritura de los terrenos.<br>Afirm\u00f3 que la Cuarta Transformaci\u00f3n es reforzar al gobierno y trabajar unidos con la federaci\u00f3n, no justificar, es citar a los ejidatarios porqu\u00e9 no me escrituras este lote, es ver y solucionar y en ese sentido Corrett(actualmente Insus) no est\u00e1 funcionando.<br>Lament\u00f3 que en esa dependencia haya muchas personas in\u00fatiles e incapaces que perjudican al pueblo. <br>Afortunadamente Patrimonio e Invivienda est\u00e1n dando todo de buena f\u00e9 y apoyando a estas personas.<br>Precisamente vamos a pedir a la diputada federal  Rosa Mar\u00eda Hern\u00e1ndez Espejo que intervenga en esa dependencia federal para que  ayuden a estas 30 mil personas que demandan la escrituraci\u00f3n de sus terrenos.<br>Por otro lado dijo que en el mes de febrero el Gobernador del Estado ing. Cuitl\u00e1huac Garc\u00eda Jim\u00e9nez inaugurar\u00e1 en el puerto de Veracruz m\u00e1s de 100 casas de inter\u00e9s social que ser\u00e1n entregadas a familias de escasos recursos econ\u00f3micos de las colonias de Veracruz.<br><br><br><br><br><br><br><br><br><br><br><br><br><br><br><br><br><br><br><br><br><br><br><br><br><br><br><br><br><br><br><br><\/p>\n","protected":false},"excerpt":{"rendered":"<p>\u00b0Pedir\u00e9mos a AMLO que el titular de esa dependencia renuncie si no puede con el paquete. \u00b0No ha entendido la<\/p>\n","protected":false},"author":2,"featured_media":33171,"comment_status":"open","ping_status":"open","sticky":false,"template":"","format":"standard","meta":{"colormag_page_container_layout":"default_layout","colormag_page_sidebar_layout":"default_layout","footnotes":""},"categories":[2],"tags":[],"class_list":["post-33165","post","type-post","status-publish","format-standard","has-post-thumbnail","hentry","category-infogral"],"_links":{"self":[{"href":"http:\/\/vocesver.com\/noticias\/wp-json\/wp\/v2\/posts\/33165","targetHints":{"allow":["GET"]}}],"collection":[{"href":"http:\/\/vocesver.com\/noticias\/wp-json\/wp\/v2\/posts"}],"about":[{"href":"http:\/\/vocesver.com\/noticias\/wp-json\/wp\/v2\/types\/post"}],"author":[{"embeddable":true,"href":"http:\/\/vocesver.com\/noticias\/wp-json\/wp\/v2\/users\/2"}],"replies":[{"embeddable":true,"href":"http:\/\/vocesver.com\/noticias\/wp-json\/wp\/v2\/comments?post=33165"}],"version-history":[{"count":3,"href":"http:\/\/vocesver.com\/noticias\/wp-json\/wp\/v2\/posts\/33165\/revisions"}],"predecessor-version":[{"id":33192,"href":"http:\/\/vocesver.com\/noticias\/wp-json\/wp\/v2\/posts\/33165\/revisions\/33192"}],"wp:featuredmedia":[{"embeddable":true,"href":"http:\/\/vocesver.com\/noticias\/wp-json\/wp\/v2\/media\/33171"}],"wp:attachment":[{"href":"http:\/\/vocesver.com\/noticias\/wp-json\/wp\/v2\/media?parent=33165"}],"wp:term":[{"taxonomy":"category","embeddable":true,"href":"http:\/\/vocesver.com\/noticias\/wp-json\/wp\/v2\/categories?post=33165"},{"taxonomy":"post_tag","embeddable":true,"href":"http:\/\/vocesver.com\/noticias\/wp-json\/wp\/v2\/tags?post=33165"}],"curies":[{"name":"wp","href":"https:\/\/api.w.org\/{rel}","templated":true}]}}