{"id":33161,"date":"2022-01-29T20:06:20","date_gmt":"2022-01-29T20:06:20","guid":{"rendered":"http:\/\/vocesver.com\/noticias\/?p=33161"},"modified":"2022-01-29T20:06:21","modified_gmt":"2022-01-29T20:06:21","slug":"estados-unidos-enviara-tropas-a-europa-esto-se-sabe","status":"publish","type":"post","link":"http:\/\/vocesver.com\/noticias\/estados-unidos-enviara-tropas-a-europa-esto-se-sabe\/","title":{"rendered":"\u00bfEstados Unidos enviar\u00e1 tropas a Europa? Esto se sabe"},"content":{"rendered":"\n<p><br>Estados Unidos enviar\u00e1 tropas a Europa del Este, as\u00ed lo inform\u00f3 Joe Biden. Foto: AFP<br><br><br>REDACCI\u00d3N\/VOCESVER.COM\/NOTICIAS<br><br>INTERNACIONAL.- A 29 DE ENERO 2022.-DE ACUERDO CON INFORMACI\u00d3N DE AGENCIAS\/E.U.\/AFP&#8230;&#8230;Estados Unidos enviar\u00e1 tropas a Europa del Este, as\u00ed lo inform\u00f3 Joe Biden, quien reiter\u00f3 que apoyar\u00eda la presencia de la OTAN en esa zona.<br><br><br>\u00bfQu\u00e9 se sabe sobre el env\u00edo de tropas de Estados Unidos a Europa?<br>En un marco de tensi\u00f3n por el conflicto de Ucrania contra Rusia, el presidente de los Estados Unidos, Joe Biden inform\u00f3 que pronto enviar\u00e1 tropas estadounidenses para apoyar la presencia de la OTAN en Europa del este.<br><br><br>En medio de una conferencia de prensa al volver a Washington tras pronunciar un discurso en Filadelfia, el mandatario estadounidense se\u00f1al\u00f3 que movilizar\u00eda solo un n\u00famero peque\u00f1o de tropas.<br><br>\u201cMovilizar\u00e9 tropas a Europa del Este y pa\u00edses de la OTAN a corto plazo. No muchas\u201d.<br><br>Joe Biden<br>\u00bfC\u00f3mo se han movido tropas de Estados Unidos en Europa?<br>Estados Unidos ya tiene decenas de miles de tropas estacionadas mayormente en Europa occidental, pero el Pent\u00e1gono est\u00e1 considerando enviar un peque\u00f1o n\u00famero de refuerzos al tenso flanco este.<br><br><br>Esta semana, el portavoz  John Kirby indic\u00f3 que 8500 tropas estaban en \u201calerta m\u00e1xima\u201d para auxiliar a la OTAN.  El despliegue puede ser tanto pol\u00edtica como militarmente significativo, reforzando el involucramiento estadounidense en el conflicto.<br><br><br>\u00bfConflicto entre Rusia y EU por Ucrania?<br>Ucrania no es miembro de la OTAN, pero Washington teme un desborde en los pa\u00edses vecinos de la OTAN si Rusia ataca Ucrania.<br><br>Por su parte, Mosc\u00fa insiste en que no planea atacar, pero, mantiene a m\u00e1s de 100 mil tropas de combate en las fronteras y, entre varios reclamos, pide a las potencias occidentales que descarten para siempre el ingreso de Ucrania a la OTAN.<br><br>Biden advirti\u00f3 en una conferencia de prensa la semana pasada que un ataque ruso a Ucrania podr\u00eda lograr justamente lo opuesto a la meta planteada por el Kremlin.<br><br>\u201cVamos a incrementar la presencia de tropas en Polonia, Ruman\u00eda, etc\u00e9tera, si de hecho (Rusia) se moviliza. Somos parte de la OTAN\u201d.<br><br>Joe Biden.<br><br>INF. DE AGENCIAS\/ESTADOS UNIDOS\/AFP&#8230;..<br><br><br><br><br><br><br><br><br><br><br><br><br><br><br><br><br><br><br><br><br><br><br><br><br><br><br><br><br><br><br><br><br><br><br><\/p>\n","protected":false},"excerpt":{"rendered":"<p>Estados Unidos enviar\u00e1 tropas a Europa del Este, as\u00ed lo inform\u00f3 Joe Biden. Foto: AFP REDACCI\u00d3N\/VOCESVER.COM\/NOTICIAS INTERNACIONAL.- A 29 DE<\/p>\n","protected":false},"author":2,"featured_media":33166,"comment_status":"open","ping_status":"open","sticky":false,"template":"","format":"standard","meta":{"colormag_page_container_layout":"default_layout","colormag_page_sidebar_layout":"default_layout","footnotes":""},"categories":[6],"tags":[],"class_list":["post-33161","post","type-post","status-publish","format-standard","has-post-thumbnail","hentry","category-internacional"],"_links":{"self":[{"href":"http:\/\/vocesver.com\/noticias\/wp-json\/wp\/v2\/posts\/33161","targetHints":{"allow":["GET"]}}],"collection":[{"href":"http:\/\/vocesver.com\/noticias\/wp-json\/wp\/v2\/posts"}],"about":[{"href":"http:\/\/vocesver.com\/noticias\/wp-json\/wp\/v2\/types\/post"}],"author":[{"embeddable":true,"href":"http:\/\/vocesver.com\/noticias\/wp-json\/wp\/v2\/users\/2"}],"replies":[{"embeddable":true,"href":"http:\/\/vocesver.com\/noticias\/wp-json\/wp\/v2\/comments?post=33161"}],"version-history":[{"count":2,"href":"http:\/\/vocesver.com\/noticias\/wp-json\/wp\/v2\/posts\/33161\/revisions"}],"predecessor-version":[{"id":33167,"href":"http:\/\/vocesver.com\/noticias\/wp-json\/wp\/v2\/posts\/33161\/revisions\/33167"}],"wp:featuredmedia":[{"embeddable":true,"href":"http:\/\/vocesver.com\/noticias\/wp-json\/wp\/v2\/media\/33166"}],"wp:attachment":[{"href":"http:\/\/vocesver.com\/noticias\/wp-json\/wp\/v2\/media?parent=33161"}],"wp:term":[{"taxonomy":"category","embeddable":true,"href":"http:\/\/vocesver.com\/noticias\/wp-json\/wp\/v2\/categories?post=33161"},{"taxonomy":"post_tag","embeddable":true,"href":"http:\/\/vocesver.com\/noticias\/wp-json\/wp\/v2\/tags?post=33161"}],"curies":[{"name":"wp","href":"https:\/\/api.w.org\/{rel}","templated":true}]}}