{"id":33153,"date":"2022-01-29T19:32:57","date_gmt":"2022-01-29T19:32:57","guid":{"rendered":"http:\/\/vocesver.com\/noticias\/?p=33153"},"modified":"2022-01-29T19:34:46","modified_gmt":"2022-01-29T19:34:46","slug":"recuperaremos-la-soberania-electrica-hernandez-espejo","status":"publish","type":"post","link":"http:\/\/vocesver.com\/noticias\/recuperaremos-la-soberania-electrica-hernandez-espejo\/","title":{"rendered":"RECUPERAREMOS LA SOBERAN\u00cdA EL\u00c9CTRICA: HERN\u00c1NDEZ ESPEJO"},"content":{"rendered":"\n<p>*Vamos por tarifas justas para el pueblo<br>*No se trata de expropiar sino de nacionalizar<br>*La explotaci\u00f3n del litio ser\u00e1 exclusivo del Estado<br><\/p>\n\n\n\n<p>REDACCI\u00d3N\/VOCESVER.COM\/NOTICIAS<br><\/p>\n\n\n\n<p><\/p>\n\n\n\n<p>NACIONAL.- A 29 de Enero 2022.&#8212;\u201cLa transformaci\u00f3n nacional requiere de la Implementaci\u00f3n de acciones estrat\u00e9gicas para mejorar el Sistema El\u00e9ctrico Nacional y recuperar la grandeza de la Comisi\u00f3n Federal de Electricidad (CFE)\u201d, expres\u00f3 la diputada federal de Morena por Veracruz Rosa Mar\u00eda Hern\u00e1ndez Espejo.<br><br>Luego de dar la bienvenida a Roc\u00edo Nahle, Secretaria de Energ\u00eda; Leonel Godoy, vicecoordinador de la bancada de Morena en San L\u00e1zaro; y a Cuitl\u00e1huac Garc\u00eda Jim\u00e9nez, gobernador de Veracruz; la legisladora federal y anfitriona dio inicio al Foro sobre la Reforma El\u00e9ctrica para el estado de Veracruz, en el World Trade Center de la zona conurbada Veracruz- Boca del R\u00edo.<br><br>\u201cEl presidente Andr\u00e9s Manuel L\u00f3pez Obrador, envi\u00f3 a la C\u00e1mara de Diputados una reforma constitucional en materia el\u00e9ctrica con la finalidad de poner orden y detener los saqueos a la industria de la electricidad que han puesto  el mercado en\u00e9rgico por los cielos\u201d, explic\u00f3.<br><br>Reafirm\u00f3 su compromiso como representante popular de impulsar la Reforma El\u00e9ctrica  como un esfuerzo emanado del Gobierno de la Transformaci\u00f3n, Morena y la coalici\u00f3n Juntos Hacemos Historia en el Congreso, \u201cestamos construyendo un nuevo modelo energ\u00e9tico, de cara a la naci\u00f3n. Y lo vamos a lograr, a pesar de los grav\u00edsimos da\u00f1os que los neoliberales causaron a CFE y PEMEX\u201d.<br><br>La representante popular por el Distrito 4 de Veracruz fue clara al decir que el bien el\u00e9ctrico  nacional no se expropia, se nacionaliza, contrario a las expresiones que buscan confundir a la ciudadan\u00eda, al considerar el respeto de la iniciativa privada con un 46 por ciento de su participaci\u00f3n en inversiones.<br><br>Remarc\u00f3 que la reforma emprendida por el ejecutivo federal representa el compromiso con el pueblo de garantizar justicia social energ\u00e9tica en la b\u00fasqueda de proveer de electricidad a los hogares e industrias de todo el pa\u00eds, con tarifas justas y m\u00e1s baratas que la inflaci\u00f3n; al igual que su responsabilidad con el medio ambiente ante la amenaza del cambio clim\u00e1tico.<br><br>Hern\u00e1ndez Espejo indic\u00f3 que la reforma el\u00e9ctrica significa la consolidaci\u00f3n del compromiso del Estado  para el fortalecimiento de la empresa privada CFE, y la recuperaci\u00f3n de la soberan\u00eda energ\u00e9tica de M\u00e9xico, al advertir que al pasar la reforma, la explotaci\u00f3n del litio ser\u00e1 exclusiva del gobierno federal.<br><br><br><br><br><br><br>&#8212;<br><br><br><br><br><br><br><br><br><br><br><br><br><br><br><br><br><br><br><br><br><br><br><br><br><br><br><br><br><\/p>\n","protected":false},"excerpt":{"rendered":"<p>*Vamos por tarifas justas para el pueblo*No se trata de expropiar sino de nacionalizar*La explotaci\u00f3n del litio ser\u00e1 exclusivo del<\/p>\n","protected":false},"author":2,"featured_media":33159,"comment_status":"open","ping_status":"open","sticky":false,"template":"","format":"standard","meta":{"colormag_page_container_layout":"default_layout","colormag_page_sidebar_layout":"default_layout","footnotes":""},"categories":[2],"tags":[],"class_list":["post-33153","post","type-post","status-publish","format-standard","has-post-thumbnail","hentry","category-infogral"],"_links":{"self":[{"href":"http:\/\/vocesver.com\/noticias\/wp-json\/wp\/v2\/posts\/33153","targetHints":{"allow":["GET"]}}],"collection":[{"href":"http:\/\/vocesver.com\/noticias\/wp-json\/wp\/v2\/posts"}],"about":[{"href":"http:\/\/vocesver.com\/noticias\/wp-json\/wp\/v2\/types\/post"}],"author":[{"embeddable":true,"href":"http:\/\/vocesver.com\/noticias\/wp-json\/wp\/v2\/users\/2"}],"replies":[{"embeddable":true,"href":"http:\/\/vocesver.com\/noticias\/wp-json\/wp\/v2\/comments?post=33153"}],"version-history":[{"count":2,"href":"http:\/\/vocesver.com\/noticias\/wp-json\/wp\/v2\/posts\/33153\/revisions"}],"predecessor-version":[{"id":33158,"href":"http:\/\/vocesver.com\/noticias\/wp-json\/wp\/v2\/posts\/33153\/revisions\/33158"}],"wp:featuredmedia":[{"embeddable":true,"href":"http:\/\/vocesver.com\/noticias\/wp-json\/wp\/v2\/media\/33159"}],"wp:attachment":[{"href":"http:\/\/vocesver.com\/noticias\/wp-json\/wp\/v2\/media?parent=33153"}],"wp:term":[{"taxonomy":"category","embeddable":true,"href":"http:\/\/vocesver.com\/noticias\/wp-json\/wp\/v2\/categories?post=33153"},{"taxonomy":"post_tag","embeddable":true,"href":"http:\/\/vocesver.com\/noticias\/wp-json\/wp\/v2\/tags?post=33153"}],"curies":[{"name":"wp","href":"https:\/\/api.w.org\/{rel}","templated":true}]}}