{"id":33149,"date":"2022-01-29T19:17:12","date_gmt":"2022-01-29T19:17:12","guid":{"rendered":"http:\/\/vocesver.com\/noticias\/?p=33149"},"modified":"2022-01-29T19:20:11","modified_gmt":"2022-01-29T19:20:11","slug":"siguen-las-traiciones-dentro-del-pri-denuncia-irene-aragon","status":"publish","type":"post","link":"http:\/\/vocesver.com\/noticias\/siguen-las-traiciones-dentro-del-pri-denuncia-irene-aragon\/","title":{"rendered":"Siguen las traiciones dentro del PRI denuncia Irene Arag\u00f3n."},"content":{"rendered":"\n<p><br><br>REDACCI\u00d3N\/VOCESVER.COM\/NOTICIAS<br><br>Veracruz, Ver.- De acuerdo con declaraciones de la dirigente estatal del Movimiento Territorial del PRI,Irene Arag\u00f3n Santiago se\u00f1al\u00f3 que existe militantes priistas que pretenden colgarse del Ayuntamiento de Veracruz, al amparo de la alianza PAN-PRI-PRD de la elecci\u00f3n municipal del a\u00f1opasado. <br><br>En entrevista, la ingeniero de profesi\u00f3n denunci\u00f3  que el pri\u00edsta Daniel Galindo pretende formar parte de la nueva administraci\u00f3n municipal, sin embargo, se ha caracterizado por vivir del presupuesto p\u00fablico y no dar resultados a la ciudadan\u00eda. <br><br><br>\u00abHoy logr\u00e9 que Marlon Ram\u00edrez ya no lo mande como delegado a nada, que ya no maneje los dineros del partido, porque lo maneja para sus mujeres, que ha sido muy astuto y procura hacerse novio de las hijas de varias l\u00edderes para de ah\u00ed amagar\u00bb. <br><br><br>Asegur\u00f3 que Daniel Galindo no es el \u00fanico con intenci\u00f3n de llegar al municipio, y exhort\u00f3 a la presidenta municipal a no permitir que a la comuna se trepen arribistas que le har\u00edan m\u00e1s perjuicio que beneficio. <br><br><br>Por otro lado extern\u00f3 su respaldo a Antonio del R\u00edo Argudin, para ocupar la Subdirecci\u00f3n de Gobernaci\u00f3n en el municipio de Veracruz, pues dijo es mejor que tener a Daniel Galindo en ese puesto. <br><br><br>Manifest\u00f3 que a pesar de ser de otro partido pol\u00edtico, demostr\u00f3 trabajo y responsabilidad pol\u00edtica a favor de Paty Lobeira, adem\u00e1s de lograr unificar criterios diferentes en pro de alg\u00fan objetivo. <br><br><br><br><br><br><br><br><br><br><br><br><br><br><br><br><br><br><br><br><br><br><br><br><br><br><br><br><br><br><\/p>\n","protected":false},"excerpt":{"rendered":"<p>REDACCI\u00d3N\/VOCESVER.COM\/NOTICIAS Veracruz, Ver.- De acuerdo con declaraciones de la dirigente estatal del Movimiento Territorial del PRI,Irene Arag\u00f3n Santiago se\u00f1al\u00f3 que<\/p>\n","protected":false},"author":2,"featured_media":33155,"comment_status":"open","ping_status":"open","sticky":false,"template":"","format":"standard","meta":{"colormag_page_container_layout":"default_layout","colormag_page_sidebar_layout":"default_layout","footnotes":""},"categories":[2],"tags":[],"class_list":["post-33149","post","type-post","status-publish","format-standard","has-post-thumbnail","hentry","category-infogral"],"_links":{"self":[{"href":"http:\/\/vocesver.com\/noticias\/wp-json\/wp\/v2\/posts\/33149","targetHints":{"allow":["GET"]}}],"collection":[{"href":"http:\/\/vocesver.com\/noticias\/wp-json\/wp\/v2\/posts"}],"about":[{"href":"http:\/\/vocesver.com\/noticias\/wp-json\/wp\/v2\/types\/post"}],"author":[{"embeddable":true,"href":"http:\/\/vocesver.com\/noticias\/wp-json\/wp\/v2\/users\/2"}],"replies":[{"embeddable":true,"href":"http:\/\/vocesver.com\/noticias\/wp-json\/wp\/v2\/comments?post=33149"}],"version-history":[{"count":2,"href":"http:\/\/vocesver.com\/noticias\/wp-json\/wp\/v2\/posts\/33149\/revisions"}],"predecessor-version":[{"id":33154,"href":"http:\/\/vocesver.com\/noticias\/wp-json\/wp\/v2\/posts\/33149\/revisions\/33154"}],"wp:featuredmedia":[{"embeddable":true,"href":"http:\/\/vocesver.com\/noticias\/wp-json\/wp\/v2\/media\/33155"}],"wp:attachment":[{"href":"http:\/\/vocesver.com\/noticias\/wp-json\/wp\/v2\/media?parent=33149"}],"wp:term":[{"taxonomy":"category","embeddable":true,"href":"http:\/\/vocesver.com\/noticias\/wp-json\/wp\/v2\/categories?post=33149"},{"taxonomy":"post_tag","embeddable":true,"href":"http:\/\/vocesver.com\/noticias\/wp-json\/wp\/v2\/tags?post=33149"}],"curies":[{"name":"wp","href":"https:\/\/api.w.org\/{rel}","templated":true}]}}