{"id":33138,"date":"2022-01-29T18:51:15","date_gmt":"2022-01-29T18:51:15","guid":{"rendered":"http:\/\/vocesver.com\/noticias\/?p=33138"},"modified":"2022-01-29T18:56:16","modified_gmt":"2022-01-29T18:56:16","slug":"en-orden-y-d-emanera-agil-la-vacunacion-en-el-tecnologico-de-veracruz","status":"publish","type":"post","link":"http:\/\/vocesver.com\/noticias\/en-orden-y-d-emanera-agil-la-vacunacion-en-el-tecnologico-de-veracruz\/","title":{"rendered":"EN ORDEN Y DE MANERA AGIL LA VACUNACI\u00d3N EN EL TECNOL\u00d3GICO DE VERACRUZ."},"content":{"rendered":"\n<p>REDACCI\u00d3N\/VOCESVER.COM\/NOTICIAS<\/p>\n\n\n\n<p><br>Veracruz,Ver.- a 29 de Enero 2022.-PIE DE FOTO&#8230;&#8230;.En \u00f3rden y de manera \u00e1gil se lleva a cabo la campa\u00f1a de vacunaci\u00f3n(refuerzo) en e Instituto Tecnol\u00f3gico de Veracruz, para las personas de 50 a 59 a\u00f1os de edad, por cierto hoy es el \u00faltimo d\u00eda. Foto Ausencio RIVERA.<br><br><br><br><br><br><br><br><br><br><br><br><br><br><br><br><br><br><br><br><br><br><br><br><br><br><br><br><br><br><br><br><br><br><\/p>\n","protected":false},"excerpt":{"rendered":"<p>REDACCI\u00d3N\/VOCESVER.COM\/NOTICIAS Veracruz,Ver.- a 29 de Enero 2022.-PIE DE FOTO&#8230;&#8230;.En \u00f3rden y de manera \u00e1gil se lleva a cabo la campa\u00f1a<\/p>\n","protected":false},"author":2,"featured_media":33145,"comment_status":"open","ping_status":"open","sticky":false,"template":"","format":"standard","meta":{"colormag_page_container_layout":"default_layout","colormag_page_sidebar_layout":"default_layout","footnotes":""},"categories":[2],"tags":[],"class_list":["post-33138","post","type-post","status-publish","format-standard","has-post-thumbnail","hentry","category-infogral"],"_links":{"self":[{"href":"http:\/\/vocesver.com\/noticias\/wp-json\/wp\/v2\/posts\/33138","targetHints":{"allow":["GET"]}}],"collection":[{"href":"http:\/\/vocesver.com\/noticias\/wp-json\/wp\/v2\/posts"}],"about":[{"href":"http:\/\/vocesver.com\/noticias\/wp-json\/wp\/v2\/types\/post"}],"author":[{"embeddable":true,"href":"http:\/\/vocesver.com\/noticias\/wp-json\/wp\/v2\/users\/2"}],"replies":[{"embeddable":true,"href":"http:\/\/vocesver.com\/noticias\/wp-json\/wp\/v2\/comments?post=33138"}],"version-history":[{"count":4,"href":"http:\/\/vocesver.com\/noticias\/wp-json\/wp\/v2\/posts\/33138\/revisions"}],"predecessor-version":[{"id":33147,"href":"http:\/\/vocesver.com\/noticias\/wp-json\/wp\/v2\/posts\/33138\/revisions\/33147"}],"wp:featuredmedia":[{"embeddable":true,"href":"http:\/\/vocesver.com\/noticias\/wp-json\/wp\/v2\/media\/33145"}],"wp:attachment":[{"href":"http:\/\/vocesver.com\/noticias\/wp-json\/wp\/v2\/media?parent=33138"}],"wp:term":[{"taxonomy":"category","embeddable":true,"href":"http:\/\/vocesver.com\/noticias\/wp-json\/wp\/v2\/categories?post=33138"},{"taxonomy":"post_tag","embeddable":true,"href":"http:\/\/vocesver.com\/noticias\/wp-json\/wp\/v2\/tags?post=33138"}],"curies":[{"name":"wp","href":"https:\/\/api.w.org\/{rel}","templated":true}]}}