{"id":33133,"date":"2022-01-26T18:16:18","date_gmt":"2022-01-26T18:16:18","guid":{"rendered":"http:\/\/vocesver.com\/noticias\/?p=33133"},"modified":"2022-01-26T18:17:27","modified_gmt":"2022-01-26T18:17:27","slug":"el-dinero-que-el-gobierno-deja-de-gastar-no-significa-ahorro-sino-mas-pobreza-para-los-veracruzanos-marlon-ramirez","status":"publish","type":"post","link":"http:\/\/vocesver.com\/noticias\/el-dinero-que-el-gobierno-deja-de-gastar-no-significa-ahorro-sino-mas-pobreza-para-los-veracruzanos-marlon-ramirez\/","title":{"rendered":"El dinero que el gobierno deja de gastar, no significa ahorro sino m\u00e1s pobreza para los Veracruzanos: Marlon Ram\u00edrez"},"content":{"rendered":"\n<p><br>REDACCI\u00d3N\/VOCESVER.COM\/NOTICIAS<br><br>Xalpa,Ver.- a 26 de Enero 2022&#8212;El dinero que el gobierno deja de gastar, no significa ahorro sino m\u00e1s pobreza para los Veracruzanos: Marlon Ram\u00edrez <br><br> <br><br>&#8211; El ORFIS debe revisar los criterios del subejercicio porque hasta rendimientos obtienen de el.<br><br> <br><br>-Pide a la auditora general le remita la lista de los despachos contables que auditan a los ayuntamientos.<br><br> <br><br>Xalapa, Ver., a 26 de Enero de 2022.- Durante la comparecencia del \u00d3rgano de Fiscalizaci\u00f3n Superior (ORFIS), el diputado local Marlon Ram\u00edrez Mar\u00edn se\u00f1al\u00f3 que el tema de los subejercicios ha sido un tema recurrente en las diferentes comparecencias que se han tenido en el Congreso del Estado.<br><br> <br><br>\u201cUno de los criterios utilizados por el Orfis para definir el tama\u00f1o de la muestra es tomar como universo fiscalizable el total de los registros contables de gastos devengados, tomados de la lista de afectaciones presupuestales. Esto se mencion\u00f3 en el Informe 2018, pareciera que esta definici\u00f3n es la qu\u00e9 ha provocado esta especie de confusi\u00f3n de parte de los secretarios del gabinete porque ellos tienen la idea de que al dejar comprometido el dinero, no se fiscaliza\u201d, afirm\u00f3 el diputado Ramirez Mar\u00edn.<br><br> <br><br>De acuerdo a lo mencionado por el diputado priista, este criterio da pie para que los funcionarios piensen que con estar comprometido el recurso, es suficiente para que estos no sean reintegrados y asi no estan realizando un subejercicio, a lo cu\u00e1l mencion\u00f3 un ejemplo ocurrido en la Secretar\u00eda de Salud de Veracruz.<br><br> <br><br>\u201cLe pongo un ejemplo en la cuenta p\u00fablica 2019 en la revisi\u00f3n de la Secretar\u00eda de Salud, se fiscalizaron 24.6 mdp de obra p\u00fablica y en la de 2020, 164.7 mdp. Cuando en el tercer trimestre del 2019 se ten\u00eda un subejercicio de 347.0 mdp. y para 2020 al tercer trimestre el subejercicio era de 328.9 mdp. Es dram\u00e1tico corroborar esto.\u201d, dijo Ram\u00edrez Mar\u00edn. <br><br> <br><br>Adem\u00e1s puntualiz\u00f3 que el dinero que no se gasta el Gobierno de Veracruz lo confunden con ahorros, en lugar de aplicarlo en las necesidades de medicinas, obras, servicios y programas sociales que ser\u00edan de gran beneficio para la poblaci\u00f3n, en este subejercicio debe tener alguien como responsable. <br><br> <br><br>Para finalizar en su intervenci\u00f3n el diputado Marlon Ram\u00edrez pidi\u00f3 los nombres de los despachos asignados a cada ayuntamiento del Estado para tener la posibilidad poder comentarlo con las autoridades municipales. <br><br><br><br><br><br><br><br><br><br><br><br><br><br><br><br><br><br><br><br><br><br><br><br><br><br><br><br><br><br><br><br><br><br><br><br><br><br><br><br><\/p>\n","protected":false},"excerpt":{"rendered":"<p>REDACCI\u00d3N\/VOCESVER.COM\/NOTICIAS Xalpa,Ver.- a 26 de Enero 2022&#8212;El dinero que el gobierno deja de gastar, no significa ahorro sino m\u00e1s pobreza<\/p>\n","protected":false},"author":2,"featured_media":33140,"comment_status":"open","ping_status":"open","sticky":false,"template":"","format":"standard","meta":{"colormag_page_container_layout":"default_layout","colormag_page_sidebar_layout":"default_layout","footnotes":""},"categories":[4],"tags":[],"class_list":["post-33133","post","type-post","status-publish","format-standard","has-post-thumbnail","hentry","category-estatal"],"_links":{"self":[{"href":"http:\/\/vocesver.com\/noticias\/wp-json\/wp\/v2\/posts\/33133","targetHints":{"allow":["GET"]}}],"collection":[{"href":"http:\/\/vocesver.com\/noticias\/wp-json\/wp\/v2\/posts"}],"about":[{"href":"http:\/\/vocesver.com\/noticias\/wp-json\/wp\/v2\/types\/post"}],"author":[{"embeddable":true,"href":"http:\/\/vocesver.com\/noticias\/wp-json\/wp\/v2\/users\/2"}],"replies":[{"embeddable":true,"href":"http:\/\/vocesver.com\/noticias\/wp-json\/wp\/v2\/comments?post=33133"}],"version-history":[{"count":2,"href":"http:\/\/vocesver.com\/noticias\/wp-json\/wp\/v2\/posts\/33133\/revisions"}],"predecessor-version":[{"id":33139,"href":"http:\/\/vocesver.com\/noticias\/wp-json\/wp\/v2\/posts\/33133\/revisions\/33139"}],"wp:featuredmedia":[{"embeddable":true,"href":"http:\/\/vocesver.com\/noticias\/wp-json\/wp\/v2\/media\/33140"}],"wp:attachment":[{"href":"http:\/\/vocesver.com\/noticias\/wp-json\/wp\/v2\/media?parent=33133"}],"wp:term":[{"taxonomy":"category","embeddable":true,"href":"http:\/\/vocesver.com\/noticias\/wp-json\/wp\/v2\/categories?post=33133"},{"taxonomy":"post_tag","embeddable":true,"href":"http:\/\/vocesver.com\/noticias\/wp-json\/wp\/v2\/tags?post=33133"}],"curies":[{"name":"wp","href":"https:\/\/api.w.org\/{rel}","templated":true}]}}