{"id":33129,"date":"2022-01-26T18:07:33","date_gmt":"2022-01-26T18:07:33","guid":{"rendered":"http:\/\/vocesver.com\/noticias\/?p=33129"},"modified":"2022-01-26T18:10:21","modified_gmt":"2022-01-26T18:10:21","slug":"morena-y-las-mentiras-de-su-presidente-perjudican-a-los-productores-del-campo-prd","status":"publish","type":"post","link":"http:\/\/vocesver.com\/noticias\/morena-y-las-mentiras-de-su-presidente-perjudican-a-los-productores-del-campo-prd\/","title":{"rendered":"Morena y las mentiras de su Presidente perjudican a los productores del campo: PRD"},"content":{"rendered":"\n<p>Se acab\u00f3 el mito de \u00abPrimero los Pobres \u00ab, al contrario, con nuevos impuestos los est\u00e1n enterrando<br><br><br>REDACCI\u00d3N7VOCESVER.COM\/NOTICIAS<br><br>Xalapa Ver., 26 de enero de 2022. Para los productores de ca\u00f1a de az\u00facar de Veracruz s\u00ed hubo nuevos impuestos, ya que por cada tonelada de ca\u00f1a molida en los ingenios de la entidad les retendr\u00e1n el 1.5% del precio total, lo que implica un inesperado cobro que da\u00f1a su econom\u00eda con un impuesto que antes no pagaban, cr\u00edtico este d\u00eda el dirigente del PRD en la entidad, Sergio Cadena Mart\u00ednez.<br><br>A trav\u00e9s de un video en el que se dirige a los productores y al pueblo, agreg\u00f3 que el nuevo impuesto representa el ingreso para el gobierno de 4 mil 895 millones de pesos que antes era patrimonio de los ca\u00f1eros y sus familias, ya que Veracruz es el principal estado productor de ca\u00f1a de az\u00facar del pa\u00eds, hecho que el gobierno estatal ha celebrado como si fuera un logro suyo sin dar apoyo alguno a los productores.<br><br>\u201cA los gobernantes, diputados federales y senadores de MORENA poco les importo la crisis que vive el campo; s\u00f3lo quieren m\u00e1s dinero para las arcas del gobierno. Decidieron ahora que los ca\u00f1eros fueran los pr\u00f3ximos a quien enterrarles el diente pagando nuevos impuestos, como ya hab\u00edan pensado en los j\u00f3venes\u201d, detall\u00f3.<br><br>Cadena Mart\u00ednez insisti\u00f3 en que sin duda, con MORENA, vamos de mal en peor ya que lamentablemente la mal llamada \u201ccuarta transformaci\u00f3n\u201d, sigue teniendo sorpresas para los veracruzanos, ya que record\u00f3 que tan solo en el mes de noviembre, por instrucciones presidenciales, sus diputados aprobaron la ley de ingresos de la federaci\u00f3n para el ejercicio fiscal 2022; ello a pesar de que AMLO lo celebr\u00f3 diciendo que este a\u00f1o \u201cno habr\u00eda aumento de impuestos\u201d.<br><br><br><br><br><br><br><br><br><br><br><br><br><br><br><br><br><br><br><br><br><br><br><br><br><br><br><br><br><br><br><br><\/p>\n","protected":false},"excerpt":{"rendered":"<p>Se acab\u00f3 el mito de \u00abPrimero los Pobres \u00ab, al contrario, con nuevos impuestos los est\u00e1n enterrando REDACCI\u00d3N7VOCESVER.COM\/NOTICIAS Xalapa Ver.,<\/p>\n","protected":false},"author":2,"featured_media":33135,"comment_status":"open","ping_status":"open","sticky":false,"template":"","format":"standard","meta":{"colormag_page_container_layout":"default_layout","colormag_page_sidebar_layout":"default_layout","footnotes":""},"categories":[4],"tags":[],"class_list":["post-33129","post","type-post","status-publish","format-standard","has-post-thumbnail","hentry","category-estatal"],"_links":{"self":[{"href":"http:\/\/vocesver.com\/noticias\/wp-json\/wp\/v2\/posts\/33129","targetHints":{"allow":["GET"]}}],"collection":[{"href":"http:\/\/vocesver.com\/noticias\/wp-json\/wp\/v2\/posts"}],"about":[{"href":"http:\/\/vocesver.com\/noticias\/wp-json\/wp\/v2\/types\/post"}],"author":[{"embeddable":true,"href":"http:\/\/vocesver.com\/noticias\/wp-json\/wp\/v2\/users\/2"}],"replies":[{"embeddable":true,"href":"http:\/\/vocesver.com\/noticias\/wp-json\/wp\/v2\/comments?post=33129"}],"version-history":[{"count":2,"href":"http:\/\/vocesver.com\/noticias\/wp-json\/wp\/v2\/posts\/33129\/revisions"}],"predecessor-version":[{"id":33134,"href":"http:\/\/vocesver.com\/noticias\/wp-json\/wp\/v2\/posts\/33129\/revisions\/33134"}],"wp:featuredmedia":[{"embeddable":true,"href":"http:\/\/vocesver.com\/noticias\/wp-json\/wp\/v2\/media\/33135"}],"wp:attachment":[{"href":"http:\/\/vocesver.com\/noticias\/wp-json\/wp\/v2\/media?parent=33129"}],"wp:term":[{"taxonomy":"category","embeddable":true,"href":"http:\/\/vocesver.com\/noticias\/wp-json\/wp\/v2\/categories?post=33129"},{"taxonomy":"post_tag","embeddable":true,"href":"http:\/\/vocesver.com\/noticias\/wp-json\/wp\/v2\/tags?post=33129"}],"curies":[{"name":"wp","href":"https:\/\/api.w.org\/{rel}","templated":true}]}}