{"id":33124,"date":"2022-01-26T18:03:13","date_gmt":"2022-01-26T18:03:13","guid":{"rendered":"http:\/\/vocesver.com\/noticias\/?p=33124"},"modified":"2022-01-26T18:05:11","modified_gmt":"2022-01-26T18:05:11","slug":"periodistas-portenos-exigen-justicia-para-los-periodisas-asesinados","status":"publish","type":"post","link":"http:\/\/vocesver.com\/noticias\/periodistas-portenos-exigen-justicia-para-los-periodisas-asesinados\/","title":{"rendered":"PERIODISTAS PORTE\u00d1OS EXIGEN JUSTICIA PARA LOS PERIODISAS ASESINADOS."},"content":{"rendered":"\n<p><br><br><br>REDACCI\u00d3N\/VOCESVER.COM7NOTICIAS<br><br>Veracruz,Ver.- Periodistas de la zona conurbada Veracruz-Boca del R\u00edo, se unieron a la protesta nacional para exigir justicia por los asesinatos de Jos\u00e9 Luis Gamboa Arenas en Veracruz, Margarito Mart\u00ednez y Lourdes Maldonado en Tijuana.<br><br>     La manifestaci\u00f3n pac\u00edfica para exigir justicia fue de las m\u00e1s concurridas que se han registrado en los \u00faltimos a\u00f1os, se efectu\u00f3 en el z\u00f3calo de la ciudad de Veracruz, se exigi\u00f3 justicia por los cr\u00edmenes y se pidi\u00f3 un alto al acoso, persecuci\u00f3n y amenazas contra quienes ejercen la libertad de expresi\u00f3n.<br><br>     La protesta se realiz\u00f3 simult\u00e1neamente en m\u00e1s de 45 ciudades del pa\u00eds y al mismo tiempo en Xalapa, Alvarado, C\u00f3rdoba, Orizaba, Coatzacoalcos, Cosoleacaque, Minatitl\u00e1n, entre otros municipios de la entidad veracruzana.<br><br>     Rodolfo Herrera S\u00e1nchez, presidente de la Asociaci\u00f3n de Periodistas de Veracruz, destac\u00f3 la solidaridad y disposici\u00f3n que mostraron los compa\u00f1eros periodistas para asistir a la manifestaci\u00f3n, pues su participaci\u00f3n es una muestra de la unidad que debe prevalecer en el gremio period\u00edstico, pues una prensa unida siempre ser\u00e1 objeto de respeto.<br><br>     Herrera S\u00e1nchez lament\u00f3 que la mayor\u00eda de los cr\u00edmenes de los reporteros no sean esclarecidos y reine la impunidad pues al no haber castigo para los agresores, se les hace f\u00e1cil atacar a un compa\u00f1ero del gremio.<br><br>    <br> En la protesta apostada en el z\u00f3calo frente al Palacio Municipal, se colocaron im\u00e1genes de los periodistas asesinados con cruces f\u00fanebres y veladoras, dise\u00f1ado por el artista y periodista Jorge Gonz\u00e1lez.<br><br>     Alejandro \u00c1vila, uno de los periodistas que convoc\u00f3 a la manifestaci\u00f3n, coment\u00f3 que es lamentable que durante el primer mes de 2022 ya se hayan registrado 3 cr\u00edmenes en contra de periodistas que solo cumpl\u00edan con la labor de informar, por lo que pidi\u00f3 a las autoridades de los tres niveles de gobierno act\u00faen para dar con los responsables.<br><br>    \u00c1vila record\u00f3 que ayer se llev\u00f3 a cabo en el congreso del Estado de Veracruz en Xalapa, la comparecencia de la Fiscal General Ver\u00f3nica Hern\u00e1ndez Giadans, quien desafortunadamente no dio datos sobre los avances en las investigaciones por cr\u00edmenes, no solo en contra de los periodistas, sino de mujeres y hombres cuyas familias exigen justicia y cero impunidad.<br><br>    Por su parte, F\u00e9lix M\u00e1rquez, reportero gr\u00e1fico cuyo trabajo es reconocido a nivel internacional y que ha recibido reconocimientos, ley\u00f3 el comunicado emitido por la manifestaci\u00f3n que se hace simult\u00e1neamente en m\u00e1s de 45 ciudades del pa\u00eds donde record\u00f3 que la periodista Lourdes Mendoza, quien se sent\u00eda en peligro por haberle ganado un laudo a un pol\u00edtico, acudi\u00f3 a la conferencia ma\u00f1anera del presidente de la Rep\u00fablica Andr\u00e9s Manuel L\u00f3pez Obrador en marzo de hace tres a\u00f1os  pidi\u00e9ndole protecci\u00f3n al presidente porque su vida corr\u00eda peligro. M\u00e1rquez destac\u00f3 que los periodistas seguir\u00e1n haciendo su trabajo a pesar del acoso y persecusi\u00f3n de los pol\u00edticos que no les gustan las investigaciones period\u00edsticas que evidencian corrupci\u00f3n.<br><br>     El presidente de la Asociaci\u00f3n de Periodistas de Veracruz, Rodolfo Herrera S\u00e1nchez, concluy\u00f3 el evento agradeciendo la presencia de las decenas de reporteros de medios impresos, digitales, radio y televisi\u00f3n que se reunieron con el objetivo de exigir justicia por los cr\u00edmenes, no solo de los tres periodistas asesinados este a\u00f1o, sino por los que han ejecutado en administraciones anteriores y que en la mayor\u00eda de los casos siguen en la impunidad.<br><br><br><br><br><br><br><br><br><br><br><br><br><br><br><br><br><br><br><br><br><br><br><br><br><br><br><br><br><br><br><\/p>\n","protected":false},"excerpt":{"rendered":"<p>REDACCI\u00d3N\/VOCESVER.COM7NOTICIAS Veracruz,Ver.- Periodistas de la zona conurbada Veracruz-Boca del R\u00edo, se unieron a la protesta nacional para exigir justicia por<\/p>\n","protected":false},"author":2,"featured_media":33131,"comment_status":"open","ping_status":"open","sticky":false,"template":"","format":"standard","meta":{"colormag_page_container_layout":"default_layout","colormag_page_sidebar_layout":"default_layout","footnotes":""},"categories":[2],"tags":[],"class_list":["post-33124","post","type-post","status-publish","format-standard","has-post-thumbnail","hentry","category-infogral"],"_links":{"self":[{"href":"http:\/\/vocesver.com\/noticias\/wp-json\/wp\/v2\/posts\/33124","targetHints":{"allow":["GET"]}}],"collection":[{"href":"http:\/\/vocesver.com\/noticias\/wp-json\/wp\/v2\/posts"}],"about":[{"href":"http:\/\/vocesver.com\/noticias\/wp-json\/wp\/v2\/types\/post"}],"author":[{"embeddable":true,"href":"http:\/\/vocesver.com\/noticias\/wp-json\/wp\/v2\/users\/2"}],"replies":[{"embeddable":true,"href":"http:\/\/vocesver.com\/noticias\/wp-json\/wp\/v2\/comments?post=33124"}],"version-history":[{"count":2,"href":"http:\/\/vocesver.com\/noticias\/wp-json\/wp\/v2\/posts\/33124\/revisions"}],"predecessor-version":[{"id":33130,"href":"http:\/\/vocesver.com\/noticias\/wp-json\/wp\/v2\/posts\/33124\/revisions\/33130"}],"wp:featuredmedia":[{"embeddable":true,"href":"http:\/\/vocesver.com\/noticias\/wp-json\/wp\/v2\/media\/33131"}],"wp:attachment":[{"href":"http:\/\/vocesver.com\/noticias\/wp-json\/wp\/v2\/media?parent=33124"}],"wp:term":[{"taxonomy":"category","embeddable":true,"href":"http:\/\/vocesver.com\/noticias\/wp-json\/wp\/v2\/categories?post=33124"},{"taxonomy":"post_tag","embeddable":true,"href":"http:\/\/vocesver.com\/noticias\/wp-json\/wp\/v2\/tags?post=33124"}],"curies":[{"name":"wp","href":"https:\/\/api.w.org\/{rel}","templated":true}]}}