{"id":33118,"date":"2022-01-25T20:18:04","date_gmt":"2022-01-25T20:18:04","guid":{"rendered":"http:\/\/vocesver.com\/noticias\/?p=33118"},"modified":"2022-01-25T20:22:07","modified_gmt":"2022-01-25T20:22:07","slug":"se-manifiestan-periodistas-de-orizaba-por-el-asesinato-de-algunos-periodistas","status":"publish","type":"post","link":"http:\/\/vocesver.com\/noticias\/se-manifiestan-periodistas-de-orizaba-por-el-asesinato-de-algunos-periodistas\/","title":{"rendered":"Se manifiestan peri\u00f3distas de Orizaba por el asesinato de algunos periodistas"},"content":{"rendered":"\n<p><br>REDACCI\u00d3N\/VOCESVER.COM\/NOTICIAS<br><br>Orizaba, Ver A 25 de Enero 2022.-. No queremos m\u00e1s compa\u00f1eros asesinados, secuestrados ni desaparecidos.<br><br>Es lamentable que persistan los crimenes contra nuestro gremio en un intento por socavar la libertad de prensa para informar.<br><br>Las personas tienen el derecho a estar informadas de los acontecimientos y pol\u00edticas que dan forma a nuestra ciudad, nuestro estado y nuestro pa\u00eds.<br><br>Hoy ese derecho de los ciudadanos a estar informados nuevamente se ve vulnerado con el asesinato de tres de nuestros compa\u00f1eros.<br><br>A solo 25 d\u00edas de que inici\u00f3 este 2022  ya suman tres periodistas asesinados:<br>Jos\u00e9 Luis Gamboa, asesinado el 10 de enero en Veracruz,<br>Margarito Mart\u00ednez Esquivel, asesinado el 17 de enero en Tijuana y Lourdes Maldonado asesinada el 23 de enero, tambi\u00e9n en Tijuana.<br><br>Hoy callaron sus voces, pero no las nuestras, hoy en todo el pa\u00eds, los periodistas gritamos al un\u00edsono: Justicia.<br><br>Hoy desde Orizaba, los periodistas decimos: no nos van a callar&#8230; Silenciaron a nuestros compa\u00f1eros, pero no nuestra voz, su voz, que clama justicia y dice: \u00abya basta, no se calla la verdad, matando a periodistas\u00bb.<br><br>Esta es la realidad de nuestro M\u00e9xico, que se ha convertido en uno de los pa\u00edses m\u00e1s peligrosos para ejercer el periodismo.<br><br>Por qu\u00e9? Porque nos siguen amenazando, deteniendo, desapareciendo, agrediendo o incluso ejecutando por hacer nuestra trabajo.<br><br>El gobierno, en todos sus niveles, tambi\u00e9n ha fracasado en protegernos ante actos actos similares perpetrados por criminales u otras fuerzas que intentan suprimir la verdad.<br><br>Tan s\u00f3lo en lo que va del sexenio de Andr\u00e9s Manuel L\u00f3pez Obrador, seg\u00fan ha documentado Art\u00edculo 19, han sido asesinados 28 comunicadores.<br><br>Y desde el a\u00f1o 2000 a la fecha 148 asesinatos de periodistas en relaci\u00f3n con su labor informativa. Del total, 136 hombres y 12 mujeres.<br><br>Vemos con rabia e indignaci\u00f3n que los cr\u00edmenes contra periodistas en el pa\u00eds siguen en la impunidad, matar a un periodista en M\u00e9xico, es como matar a nadie: lejos de que haya investigaciones serias por parte de las Fiscal\u00edas en los estados y la federal para que sepamos por qu\u00e9 no matan en este pa\u00eds y haya justicia, la cifra va en aumento.<br><br>La violencia hacia periodistas en M\u00e9xico y en especial en el estado de Veracruz, ha aumentado sus cifras a trav\u00e9s de los a\u00f1os.<br><br>En lo que va de la administraci\u00f3n del gobernador Cuitl\u00e1huac Garc\u00eda Jim\u00e9nez, cinco periodistas han sido asesinados en territorio veracruzano.<br><br>Se trata de Jorge Celestino Ru\u00edz V\u00e1quez asesinado el 2 de agosto de 2019, Mar\u00eda Elena Ferral, asesinada el 30 de Marzo de 2020; Julio Valdivia asesinado el 9 de Septiembre de 2020; Jacinto Romero Flores asesinado el 19 de Agosto de 2021 y Jos\u00e9 Luis Gamboa Arenas, asesinado el 10 de enero de este a\u00f1o, pero su cuerpo fue identificado 4 d\u00edas despu\u00e9s.<br><br>Seg\u00fan estad\u00edsticas de Art\u00edculo 19, en el per\u00edodo 2019-2021, tres a\u00f1os de gobierno de Cuitl\u00e1huac Garc\u00eda Jim\u00e9nez, Veracruz se ha ubicado entre estados con m\u00e1s violencia y agresiones a periodistas.<br><br>El riesgo que corremos como reporteros en un entorno violento es muchas veces inimaginable hasta para nuestros colegas de otros estados o pa\u00edses lo ven o lo viven.<br><br>Actualmente el periodismo vive una gran crisis.<br><br>La realidad pol\u00edtica y social de nuestro pa\u00eds es muy dif\u00edcil y eso se traduce en una falta de libertad de prensa, porque los periodistas debemos enfrentarnos a los poderes (gobiernos, instituciones, empresas) para contar la verdad.<br><br>Ejercemos nuestro trabajo, muchas veces con altos niveles de censura, ya sea por presiones o por colaboraci\u00f3n con el poder.<br><br>Los periodistas que trabajamos en M\u00e9xico, no dormimos tranquilos por la presi\u00f3n que sufrimos a la hora de publicar los verdaderos hechos.<br><br>A veces, lo que escribimos con nuestra pluma nos puede costar la carrera e incluso la vida.<br><br>Cada uno de nuestros compa\u00f1eros asesinados son un reflejo del panorama negro que vivimos como gremio en la b\u00fasqueda de la verdad.<br><br>M\u00e9xico empieza un 2022 con tres asesinatos de periodistas.<br><br><br><br><br><br><br><br><br><br><br><br><br><br><br><br><br><br><br><br><br><br><br><br><br><br><br><br><br><br><br><br><br><br><br><br><br><br><\/p>\n","protected":false},"excerpt":{"rendered":"<p>REDACCI\u00d3N\/VOCESVER.COM\/NOTICIAS Orizaba, Ver A 25 de Enero 2022.-. No queremos m\u00e1s compa\u00f1eros asesinados, secuestrados ni desaparecidos. Es lamentable que persistan<\/p>\n","protected":false},"author":2,"featured_media":33127,"comment_status":"open","ping_status":"open","sticky":false,"template":"","format":"standard","meta":{"colormag_page_container_layout":"default_layout","colormag_page_sidebar_layout":"default_layout","footnotes":""},"categories":[4],"tags":[],"class_list":["post-33118","post","type-post","status-publish","format-standard","has-post-thumbnail","hentry","category-estatal"],"_links":{"self":[{"href":"http:\/\/vocesver.com\/noticias\/wp-json\/wp\/v2\/posts\/33118","targetHints":{"allow":["GET"]}}],"collection":[{"href":"http:\/\/vocesver.com\/noticias\/wp-json\/wp\/v2\/posts"}],"about":[{"href":"http:\/\/vocesver.com\/noticias\/wp-json\/wp\/v2\/types\/post"}],"author":[{"embeddable":true,"href":"http:\/\/vocesver.com\/noticias\/wp-json\/wp\/v2\/users\/2"}],"replies":[{"embeddable":true,"href":"http:\/\/vocesver.com\/noticias\/wp-json\/wp\/v2\/comments?post=33118"}],"version-history":[{"count":2,"href":"http:\/\/vocesver.com\/noticias\/wp-json\/wp\/v2\/posts\/33118\/revisions"}],"predecessor-version":[{"id":33125,"href":"http:\/\/vocesver.com\/noticias\/wp-json\/wp\/v2\/posts\/33118\/revisions\/33125"}],"wp:featuredmedia":[{"embeddable":true,"href":"http:\/\/vocesver.com\/noticias\/wp-json\/wp\/v2\/media\/33127"}],"wp:attachment":[{"href":"http:\/\/vocesver.com\/noticias\/wp-json\/wp\/v2\/media?parent=33118"}],"wp:term":[{"taxonomy":"category","embeddable":true,"href":"http:\/\/vocesver.com\/noticias\/wp-json\/wp\/v2\/categories?post=33118"},{"taxonomy":"post_tag","embeddable":true,"href":"http:\/\/vocesver.com\/noticias\/wp-json\/wp\/v2\/tags?post=33118"}],"curies":[{"name":"wp","href":"https:\/\/api.w.org\/{rel}","templated":true}]}}