{"id":33110,"date":"2022-01-25T19:58:06","date_gmt":"2022-01-25T19:58:06","guid":{"rendered":"http:\/\/vocesver.com\/noticias\/?p=33110"},"modified":"2022-01-25T19:58:08","modified_gmt":"2022-01-25T19:58:08","slug":"nuevo-laredo-aplica-segunda-dosis-a-ninos-de-5-a-11-anos","status":"publish","type":"post","link":"http:\/\/vocesver.com\/noticias\/nuevo-laredo-aplica-segunda-dosis-a-ninos-de-5-a-11-anos\/","title":{"rendered":"Nuevo Laredo aplica segunda dosis a ni\u00f1os de 5 a 11 a\u00f1os"},"content":{"rendered":"\n<p><br>Esta acci\u00f3n es parte de la vacunaci\u00f3n transfronteriza. Foto: Daisy Herrera<br><br><br>REDACCI\u00d3N\/VOCESVER.COM\/NOTICIAS<br><br><br>NACIONAL(TAMAULIPAS)&#8230;.A 25 DE ENERO 2022.- De acuerdo con informaci\u00f3n de DAISY HERRERA\/UNOTV&#8230;&#8230;.En Nuevo Laredo, Tamaulipas, ni\u00f1os y ni\u00f1as de 5 a 11 a\u00f1os de edad son trasladados a Laredo, Texas, para recibir la segunda dosis contra el coronavirus.<br><br><br>Esta acci\u00f3n es parte de la vacunaci\u00f3n transfronteriza que gestion\u00f3 la alcaldesa Carmen Lilia Canturosas.<br><br><br>Acompa\u00f1ados de un padre o tutor, esta semana ser\u00e1n trasladados alrededor de 7 mil ni\u00f1os para recibir la segunda dosis, en un proceso que la ciudadan\u00eda calific\u00f3 como \u00e1gil y bien organizado.<br><br>\u201cNos est\u00e1n citando por horario, ahorita a nosotros nos toca a las 4:00, entonces estamos en tiempo, esperamos que sea el siguiente cami\u00f3n, hasta ahorita todo se est\u00e1 respetando y un agradecimiento a la presidenta municipal Carmen Lilia, por apoyarnos en esta vacuna para nuestros ni\u00f1os\u201d.<br><br>Demetrio Cervantes, padre de familia<br>\u201cMuy bien, todo muy bien, m\u00e1s r\u00e1pido, s\u00ed est\u00e1 bien organizado, va r\u00e1pido todo y m\u00e1s \u00e1gil, era lo que est\u00e1bamos esperando para que ya est\u00e9n m\u00e1s protegidos ellos ahorita, tambi\u00e9n por los tiempos y todo eso\u201d.<br><br>Susana Garc\u00eda, madre de familia<br>\u201cMuy r\u00e1pido el proceso, no nos tardamos gran cosa, estuvieron muy atentos todos, y pues muy agradecidos con la presidenta, ha estado en lo que va, en lo que lleva todo muy bien organizado\u201d&#8230;<br><br>Rosa Puente, tutor<br>\u201cEs aqu\u00ed en el Centro Cultural el proceso de vacunaci\u00f3n, est\u00e1 muy bien, muy \u00e1gil y la atenci\u00f3n del personal fue muy buena\u201d.<br><br>Jes\u00fas Esquivel, padre de familia<br>La siguiente semana se tiene contemplado que adolescentes de 12 a 17 a\u00f1os, previamente registrados, sean trasladados tambi\u00e9n a Laredo, Texas, para completar su esquema de vacunaci\u00f3n.<br><br><br>INF-DE DAISY HERRERA\/UNOTV&#8230;..<br><br><br><br><br><br><br><br><br><br><br><br><br><br><br><br><br><br><br><br><br><br><br><br><br><br><br><br><br><br><\/p>\n","protected":false},"excerpt":{"rendered":"<p>Esta acci\u00f3n es parte de la vacunaci\u00f3n transfronteriza. Foto: Daisy Herrera REDACCI\u00d3N\/VOCESVER.COM\/NOTICIAS NACIONAL(TAMAULIPAS)&#8230;.A 25 DE ENERO 2022.- De acuerdo con<\/p>\n","protected":false},"author":2,"featured_media":33115,"comment_status":"open","ping_status":"open","sticky":false,"template":"","format":"standard","meta":{"colormag_page_container_layout":"default_layout","colormag_page_sidebar_layout":"default_layout","footnotes":""},"categories":[5],"tags":[],"class_list":["post-33110","post","type-post","status-publish","format-standard","has-post-thumbnail","hentry","category-nacional"],"_links":{"self":[{"href":"http:\/\/vocesver.com\/noticias\/wp-json\/wp\/v2\/posts\/33110","targetHints":{"allow":["GET"]}}],"collection":[{"href":"http:\/\/vocesver.com\/noticias\/wp-json\/wp\/v2\/posts"}],"about":[{"href":"http:\/\/vocesver.com\/noticias\/wp-json\/wp\/v2\/types\/post"}],"author":[{"embeddable":true,"href":"http:\/\/vocesver.com\/noticias\/wp-json\/wp\/v2\/users\/2"}],"replies":[{"embeddable":true,"href":"http:\/\/vocesver.com\/noticias\/wp-json\/wp\/v2\/comments?post=33110"}],"version-history":[{"count":2,"href":"http:\/\/vocesver.com\/noticias\/wp-json\/wp\/v2\/posts\/33110\/revisions"}],"predecessor-version":[{"id":33116,"href":"http:\/\/vocesver.com\/noticias\/wp-json\/wp\/v2\/posts\/33110\/revisions\/33116"}],"wp:featuredmedia":[{"embeddable":true,"href":"http:\/\/vocesver.com\/noticias\/wp-json\/wp\/v2\/media\/33115"}],"wp:attachment":[{"href":"http:\/\/vocesver.com\/noticias\/wp-json\/wp\/v2\/media?parent=33110"}],"wp:term":[{"taxonomy":"category","embeddable":true,"href":"http:\/\/vocesver.com\/noticias\/wp-json\/wp\/v2\/categories?post=33110"},{"taxonomy":"post_tag","embeddable":true,"href":"http:\/\/vocesver.com\/noticias\/wp-json\/wp\/v2\/tags?post=33110"}],"curies":[{"name":"wp","href":"https:\/\/api.w.org\/{rel}","templated":true}]}}