{"id":33102,"date":"2022-01-25T19:40:02","date_gmt":"2022-01-25T19:40:02","guid":{"rendered":"http:\/\/vocesver.com\/noticias\/?p=33102"},"modified":"2022-01-25T19:40:07","modified_gmt":"2022-01-25T19:40:07","slug":"anuncia-alcalde-juan-manuel-unanue-uso-obligatorio-del-cubrebocas-en-espacios-publicos-cerrados-y-en-el-transporte-publico","status":"publish","type":"post","link":"http:\/\/vocesver.com\/noticias\/anuncia-alcalde-juan-manuel-unanue-uso-obligatorio-del-cubrebocas-en-espacios-publicos-cerrados-y-en-el-transporte-publico\/","title":{"rendered":"Anuncia Alcalde Juan Manuel Un\u00e1nue uso obligatorio del cubrebocas en espacios p\u00fablicos cerrados y en el transporte p\u00fablico*"},"content":{"rendered":"\n<p><br><br><br><br>_-Emite reglas ante el aumento de casos de COVID-19 y el cambio a color amarillo en el sem\u00e1foro epidemiol\u00f3gico_<br><br>_-\u201cQueremos cuidar de tu salud y que no se pierdan los empleos que las familias boque\u00f1as necesitan para llevar el sustento a sus hogares\u201d, explica el Alcalde_<br><br>_-\u201cEstas reglas no son nuevas, como sociedad llevamos casi dos a\u00f1os aprendiendo y adecu\u00e1ndonos a la nueva normalidad; hoy es momento de usar todo el conocimiento adquirido por el bien de nuestras familias\u201d_<br><br>AUSENCIO RIVERA\/VOCESVER.COM\/NOTICIAS<br><br>BOCA DEL R\u00cdO, VER.- A 25 E ENERO 2022.-El alcalde Juan Manuel Un\u00e1nue Abascal inform\u00f3 que en Boca del R\u00edo se reforzar\u00e1n las medidas sanitarias y ser\u00e1 obligatorio el uso del cubrebocas en los espacios p\u00fablicos cerrados y en el transporte p\u00fablico, ante el incremento de contagios por COVID-19 y que las autoridades de salud lo han situado en sem\u00e1foro amarillo.<br><br>Adem\u00e1s reforzar\u00e1 las siguientes medidas preventivas de sanidad:<br><br>-Las actividades econ\u00f3micas y sociales continuar\u00e1n desarroll\u00e1ndose pero a un aforo del 75 por ciento.<br><br>-Las sesiones de cabildo se llevar\u00e1n a cabo de manera virtual y se estar\u00e1n desinfectando constantemente los espacios municipales que sean cerrados y concurridos.<br><br>El Alcalde resalt\u00f3 la importancia de usar gel antibacterial de manera recurrente y guardar la sana distancia de metro y medio con las personas.<br><br>Dijo que estar\u00e1n verificando que estas medidas sanitarias se apliquen en restaurantes, plazas y establecimientos comerciales, con la finalidad de que trabajadores y consumidores puedan realizar sus actividades en entornos seguros.<br><br>Reafirm\u00f3 Un\u00e1nue que estas medidas las implementa, en primer lugar, para salvaguardar la salud e integridad de la poblaci\u00f3n, pero tambi\u00e9n, para evitar que se vean afectadas dr\u00e1sticamente las actividades comerciales y sociales que dan vida a la ciudad.<br><br>\u201cQueremos cuidar de tu salud y que no se pierdan los empleos que las familias boque\u00f1as necesitan para llevar el sustento a sus hogares\u201d, expres\u00f3.<br><br>Sostuvo que si se act\u00faa hoy con responsabilidad, se podr\u00e1 evitar que el d\u00eda de ma\u00f1ana los comercios restrinjan su operaci\u00f3n.<br><br>\u201cEstas reglas no son nuevas, como sociedad llevamos casi dos a\u00f1os aprendiendo y adecu\u00e1ndonos a la nueva normalidad; hoy es momento de usar todo el conocimiento adquirido por el bien de nuestras familias\u201d, expuso.<br><br>Manifest\u00f3 que es momento de que sociedad y gobierno act\u00faen de manera responsable. \u201cSigamos trabajando unidos para cuidarnos m\u00e1s, s\u00f3lo as\u00ed lograremos consolidar a Boca del R\u00edo como lo mejor de Veracruz\u201d, concluy\u00f3.<br><br><br><br><br><br><br><br><br><br><br><br>&#8212;<br><br><br><br><br><br><br><br><br><br><br><br><br><br><br><br><br><br><br><br><br><br><br><br><br><br><br><br><br><br><br><br><\/p>\n","protected":false},"excerpt":{"rendered":"<p>_-Emite reglas ante el aumento de casos de COVID-19 y el cambio a color amarillo en el sem\u00e1foro epidemiol\u00f3gico_ _-\u201cQueremos<\/p>\n","protected":false},"author":2,"featured_media":33107,"comment_status":"open","ping_status":"open","sticky":false,"template":"","format":"standard","meta":{"colormag_page_container_layout":"default_layout","colormag_page_sidebar_layout":"default_layout","footnotes":""},"categories":[2],"tags":[],"class_list":["post-33102","post","type-post","status-publish","format-standard","has-post-thumbnail","hentry","category-infogral"],"_links":{"self":[{"href":"http:\/\/vocesver.com\/noticias\/wp-json\/wp\/v2\/posts\/33102","targetHints":{"allow":["GET"]}}],"collection":[{"href":"http:\/\/vocesver.com\/noticias\/wp-json\/wp\/v2\/posts"}],"about":[{"href":"http:\/\/vocesver.com\/noticias\/wp-json\/wp\/v2\/types\/post"}],"author":[{"embeddable":true,"href":"http:\/\/vocesver.com\/noticias\/wp-json\/wp\/v2\/users\/2"}],"replies":[{"embeddable":true,"href":"http:\/\/vocesver.com\/noticias\/wp-json\/wp\/v2\/comments?post=33102"}],"version-history":[{"count":2,"href":"http:\/\/vocesver.com\/noticias\/wp-json\/wp\/v2\/posts\/33102\/revisions"}],"predecessor-version":[{"id":33108,"href":"http:\/\/vocesver.com\/noticias\/wp-json\/wp\/v2\/posts\/33102\/revisions\/33108"}],"wp:featuredmedia":[{"embeddable":true,"href":"http:\/\/vocesver.com\/noticias\/wp-json\/wp\/v2\/media\/33107"}],"wp:attachment":[{"href":"http:\/\/vocesver.com\/noticias\/wp-json\/wp\/v2\/media?parent=33102"}],"wp:term":[{"taxonomy":"category","embeddable":true,"href":"http:\/\/vocesver.com\/noticias\/wp-json\/wp\/v2\/categories?post=33102"},{"taxonomy":"post_tag","embeddable":true,"href":"http:\/\/vocesver.com\/noticias\/wp-json\/wp\/v2\/tags?post=33102"}],"curies":[{"name":"wp","href":"https:\/\/api.w.org\/{rel}","templated":true}]}}