{"id":33098,"date":"2022-01-25T19:29:19","date_gmt":"2022-01-25T19:29:19","guid":{"rendered":"http:\/\/vocesver.com\/noticias\/?p=33098"},"modified":"2022-01-25T19:32:47","modified_gmt":"2022-01-25T19:32:47","slug":"trabajamos-para-las-mejoras-de-nuestro-municipio-jamapa","status":"publish","type":"post","link":"http:\/\/vocesver.com\/noticias\/trabajamos-para-las-mejoras-de-nuestro-municipio-jamapa\/","title":{"rendered":"Trabajamos para las mejoras de nuestro Municipio, Jamapa."},"content":{"rendered":"\n<p>REDACCI\u00d3N\/VOCESVER.COM<\/p>\n\n\n\n<p><br>Jamapa,Ver. a  25 de Enero 2022.- En esta nueva administraci\u00f3n estamos trabajando y solventando las necesidades sociales, apoyando a las localidades; entre ellas se destacan las acciones de La Matamba, donde desde hace una semana se trabaja en la rehabilitaci\u00f3n de las calles para un mejor acceso y condiciones de los habitantes, esto con las aportaci\u00f3n de los ciudadanos que han cumplido en pagar sus servicios y contribuciones.<br><br>El recurso a\u00fan no es suficiente. Sin embargo, haciendo un uso eficiente de estos y la participaci\u00f3n ciudadana, seguiremos cumpliendo las necesidades de los Jamapenses.<br><br>\u00abAl inicio de mi campa\u00f1a, dije que Jamapa es mi prioridad, y unidos avanzar\u00edamos\u00bb dijo el Alcalde V\u00edctor Morales Castro.<br><br>Trabajaremos en conjunto entre gobierno y pueblo, para resolver y solucionar las peticiones en tiempo y forma.<br><br><br><br><br><br><br><br><br><br><br><br><br><br><br><br><br><br><br><br><br><br><br><br><br><br><br><br><\/p>\n","protected":false},"excerpt":{"rendered":"<p>REDACCI\u00d3N\/VOCESVER.COM Jamapa,Ver. a 25 de Enero 2022.- En esta nueva administraci\u00f3n estamos trabajando y solventando las necesidades sociales, apoyando a<\/p>\n","protected":false},"author":2,"featured_media":33104,"comment_status":"open","ping_status":"open","sticky":false,"template":"","format":"standard","meta":{"colormag_page_container_layout":"default_layout","colormag_page_sidebar_layout":"default_layout","footnotes":""},"categories":[2],"tags":[],"class_list":["post-33098","post","type-post","status-publish","format-standard","has-post-thumbnail","hentry","category-infogral"],"_links":{"self":[{"href":"http:\/\/vocesver.com\/noticias\/wp-json\/wp\/v2\/posts\/33098","targetHints":{"allow":["GET"]}}],"collection":[{"href":"http:\/\/vocesver.com\/noticias\/wp-json\/wp\/v2\/posts"}],"about":[{"href":"http:\/\/vocesver.com\/noticias\/wp-json\/wp\/v2\/types\/post"}],"author":[{"embeddable":true,"href":"http:\/\/vocesver.com\/noticias\/wp-json\/wp\/v2\/users\/2"}],"replies":[{"embeddable":true,"href":"http:\/\/vocesver.com\/noticias\/wp-json\/wp\/v2\/comments?post=33098"}],"version-history":[{"count":2,"href":"http:\/\/vocesver.com\/noticias\/wp-json\/wp\/v2\/posts\/33098\/revisions"}],"predecessor-version":[{"id":33103,"href":"http:\/\/vocesver.com\/noticias\/wp-json\/wp\/v2\/posts\/33098\/revisions\/33103"}],"wp:featuredmedia":[{"embeddable":true,"href":"http:\/\/vocesver.com\/noticias\/wp-json\/wp\/v2\/media\/33104"}],"wp:attachment":[{"href":"http:\/\/vocesver.com\/noticias\/wp-json\/wp\/v2\/media?parent=33098"}],"wp:term":[{"taxonomy":"category","embeddable":true,"href":"http:\/\/vocesver.com\/noticias\/wp-json\/wp\/v2\/categories?post=33098"},{"taxonomy":"post_tag","embeddable":true,"href":"http:\/\/vocesver.com\/noticias\/wp-json\/wp\/v2\/tags?post=33098"}],"curies":[{"name":"wp","href":"https:\/\/api.w.org\/{rel}","templated":true}]}}