{"id":33087,"date":"2022-01-25T19:08:20","date_gmt":"2022-01-25T19:08:20","guid":{"rendered":"http:\/\/vocesver.com\/noticias\/?p=33087"},"modified":"2022-01-25T19:11:13","modified_gmt":"2022-01-25T19:11:13","slug":"perredismo-veracruzano-encabezara-la-nueva-revolucion-democratica-de-veracruz-sergio-cadena","status":"publish","type":"post","link":"http:\/\/vocesver.com\/noticias\/perredismo-veracruzano-encabezara-la-nueva-revolucion-democratica-de-veracruz-sergio-cadena\/","title":{"rendered":"Perredismo veracruzano encabezar\u00e1 la nueva Revoluci\u00f3n Democr\u00e1tica de Veracruz: Sergio Cadena"},"content":{"rendered":"\n<p>Los equilibrios democr\u00e1ticos est\u00e1n rotos; hay una concentraci\u00f3n de poder que da\u00f1a a las instituciones democr\u00e1ticas y las autonom\u00edas institucionales, afirm\u00f3<br><br><\/p>\n\n\n\n<p><\/p>\n\n\n\n<p><\/p>\n\n\n\n<p>REDACCI\u00d3N\/VOCESVER.COM\/NOTICIAS<\/p>\n\n\n\n<p><\/p>\n\n\n\n<p><\/p>\n\n\n\n<p>Xalapa Ver., 25 de enero de 2022. Adem\u00e1s de competir exitosamente en las elecciones municipales extraordinarias, el PRD expresa a la ciudadan\u00eda su compromiso de impulsar un gran cambio en Veracruz, porque la entidad no puede estar a la deriva, y estar secuestrado por los que est\u00e1n hundiendo a este gran estado y las esperanzas de su poblaci\u00f3n; a pesar de la fuerza del adversario, seremos los promotores de la recuperaci\u00f3n democr\u00e1tica, de la calidad de vida y del orden legal, destac\u00f3 Sergio Cadena Mart\u00ednez, presidente estatal del PRD. <br><br>Lo anterior, en el marco del quinto pleno extraordinario del X Consejo Estatal del PRD, relativo a la convocatoria para la elecci\u00f3n de las candidaturas a las presidencias municipales y sindicaturas de los ayuntamientos de Amatitl\u00e1n, Chiconamel, Jes\u00fas Carranza y Tlacotepec de Mej\u00eda que participar\u00e1n en el proceso electoral local extraordinario.  <br><br>\u201cSeguiremos luchando para retomar el camino del crecimiento econ\u00f3mico, revertir la imposici\u00f3n de impuestos que hoy agravan las condiciones econ\u00f3micas de los productores del campo, acabar con las mentiras de un gobierno demag\u00f3gico y corrupto para recuperar el bienestar social, la pasi\u00f3n y la alegr\u00eda del pueblo trabajador, parte esencial de la grandeza de Veracruz. Que no haya duda y que lo escuchen todos: El perredismo veracruzano estar\u00e1 al frente de la nueva Revoluci\u00f3n Democr\u00e1tica\u201d, asegur\u00f3.    <br><br>Cadena Mart\u00ednez agreg\u00f3 que el resultado obtenido en las elecciones municipales de 2018 les da confianza para contender en los procesos extraordinarios, que son parte central de la agenda de este quinto pleno del Consejo Pol\u00edtico Estatal \u201cNos preparamos para competir, pero sobre todo para salir victoriosos\u201d.<br><br>\u201cEn las circunstancias en las que no hubo piso parejo tuvimos resultados electorales positivos; En las elecciones de alcaldes tuvimos 246,446 votos y logramos 50 regidores, resultados que muestran el trabajo y compromiso de todo el partido. Todos y todas sabemos que en Veracruz el PRD ha sido un partido atacado desde el gobierno con actos de revanchismo pol\u00edtico como ha sido el encarcelamiento de nuestros compa\u00f1eros Rogelio Franco, Gregorio G\u00f3mez y Azucena Rodr\u00edguez, hoy presos pol\u00edticos.<br><br>A lo largo de los procesos electorales enfrentamos presiones y, amenazas aun as\u00ed el PRD gan\u00f3 17 presidencias municipales, con candidatos valientes, externos, que hoy trabajan a favor de nuestro partido\u201d, detall\u00f3.<br><br>Record\u00f3 que los veracruzanos estamos viviendo la peor cuesta de enero de los \u00faltimos 20 a\u00f1os, en ausencia de un gobierno estatal que no atiende, que no genera pol\u00edticas p\u00fablicas para lograr el progreso social, por lo que el gobierno de Cuitl\u00e1huac Garc\u00eda es considerado uno de los peores a nivel nacional, \u201cobsesionado en trasladar culpas al pasado, sin asumir la responsabilidad institucional y moral que le corresponde\u201d.<br><br>Concluy\u00f3 destacando que en Veracruz la democracia est\u00e1 en riesgo cuando se pone en peligro las libertades de expresi\u00f3n, de prensa y de disentimiento pol\u00edtico ya que hay una concentraci\u00f3n de poder que da\u00f1a a las instituciones democr\u00e1ticas y las autonom\u00edas institucionales, porque no hay democracia cuando el ejecutivo controla y ordena en el legislativo y en el poder judicial del Estado, por lo que afirm\u00f3, los equilibrios democr\u00e1ticos est\u00e1n rotos.<br><br><br><br><br><br><br><br><br><br><br><br><br><br><br><br><br><br><br><br><br><br><br><br><br><br><br><br><br><br><br><br><br><br><br><br><br><br><\/p>\n","protected":false},"excerpt":{"rendered":"<p>Los equilibrios democr\u00e1ticos est\u00e1n rotos; hay una concentraci\u00f3n de poder que da\u00f1a a las instituciones democr\u00e1ticas y las autonom\u00edas institucionales,<\/p>\n","protected":false},"author":2,"featured_media":33094,"comment_status":"open","ping_status":"open","sticky":false,"template":"","format":"standard","meta":{"colormag_page_container_layout":"default_layout","colormag_page_sidebar_layout":"default_layout","footnotes":""},"categories":[4],"tags":[],"class_list":["post-33087","post","type-post","status-publish","format-standard","has-post-thumbnail","hentry","category-estatal"],"_links":{"self":[{"href":"http:\/\/vocesver.com\/noticias\/wp-json\/wp\/v2\/posts\/33087","targetHints":{"allow":["GET"]}}],"collection":[{"href":"http:\/\/vocesver.com\/noticias\/wp-json\/wp\/v2\/posts"}],"about":[{"href":"http:\/\/vocesver.com\/noticias\/wp-json\/wp\/v2\/types\/post"}],"author":[{"embeddable":true,"href":"http:\/\/vocesver.com\/noticias\/wp-json\/wp\/v2\/users\/2"}],"replies":[{"embeddable":true,"href":"http:\/\/vocesver.com\/noticias\/wp-json\/wp\/v2\/comments?post=33087"}],"version-history":[{"count":2,"href":"http:\/\/vocesver.com\/noticias\/wp-json\/wp\/v2\/posts\/33087\/revisions"}],"predecessor-version":[{"id":33093,"href":"http:\/\/vocesver.com\/noticias\/wp-json\/wp\/v2\/posts\/33087\/revisions\/33093"}],"wp:featuredmedia":[{"embeddable":true,"href":"http:\/\/vocesver.com\/noticias\/wp-json\/wp\/v2\/media\/33094"}],"wp:attachment":[{"href":"http:\/\/vocesver.com\/noticias\/wp-json\/wp\/v2\/media?parent=33087"}],"wp:term":[{"taxonomy":"category","embeddable":true,"href":"http:\/\/vocesver.com\/noticias\/wp-json\/wp\/v2\/categories?post=33087"},{"taxonomy":"post_tag","embeddable":true,"href":"http:\/\/vocesver.com\/noticias\/wp-json\/wp\/v2\/tags?post=33087"}],"curies":[{"name":"wp","href":"https:\/\/api.w.org\/{rel}","templated":true}]}}