{"id":33080,"date":"2022-01-24T18:35:51","date_gmt":"2022-01-24T18:35:51","guid":{"rendered":"http:\/\/vocesver.com\/noticias\/?p=33080"},"modified":"2022-01-24T18:37:31","modified_gmt":"2022-01-24T18:37:31","slug":"igesia-catolica-lamenta-instalacion-de-clinica-de-aborto-legal-en-la-conurbacion","status":"publish","type":"post","link":"http:\/\/vocesver.com\/noticias\/igesia-catolica-lamenta-instalacion-de-clinica-de-aborto-legal-en-la-conurbacion\/","title":{"rendered":"IGLESIA CAT\u00d3LICA LAMENTA  INSTALACI\u00d3N DE  CL\u00cdNICA DE ABORTO LEGAL EN LA CONURBACI\u00d3N."},"content":{"rendered":"\n<p>REDACCI\u00d3N\/VOCESVER.COM\/NOTICIAS<br>Veracruz, Ver.- A 24 de Enero 2022.- Al se\u00f1alar que la Iglesia Cat\u00f3lica no apoya ni apoyar\u00e1 quitar la vida a un ser humano, el Obispo de la Di\u00f3cesis de Veracruz,Carlos Brise\u00f1o Arch lament\u00f3 que en la Zona Conurabada se haya instalado una cl\u00ednica de aborto legal.<br>Explic\u00f3 que en caso de que las manifestaciones y organizaciones en contra del aborto lo soliciten, la fe cat\u00f3lica estar\u00eda apoyando el que se cierre esta cl\u00ednica.<br><br>Afirm\u00f3 que en estos casos la gente busca la salida f\u00e1cil a una situaci\u00f3n en la que est\u00e1 de por medio otro se humano y solo se le ve como un negocio, \u00abel problema es la crisis antropol\u00f3gica que estamos viviendo donde como dice la canci\u00f3n la vida no vale nada, hacemos que la vida no valga nada para los dem\u00e1s y no respetar la vida, y cuando no se respeta la vida desde el vientre materno, despu\u00e9s es muy dif\u00edcil respetar la vida en otros aspectos\u00bb.<br><br>Se\u00f1al\u00f3 que el aborto tiene unas consecuencias muy graves para todos, dijo que esa es una forma de violencia a seres que no se pueden defender, lo que resulta indignante.<br><br>\u00abEs generar esas violencia y esa falta de respeto al ser humano\u00bb, reiter\u00f3 el religioso.<br><br><br><br><br><br><br><br><br><br><br><br><br><br><br><br><br><br><br><br><br><br><br><br><br><br><br><br><br><br><br><br><br><br><br><br><\/p>\n","protected":false},"excerpt":{"rendered":"<p>REDACCI\u00d3N\/VOCESVER.COM\/NOTICIASVeracruz, Ver.- A 24 de Enero 2022.- Al se\u00f1alar que la Iglesia Cat\u00f3lica no apoya ni apoyar\u00e1 quitar la vida<\/p>\n","protected":false},"author":2,"featured_media":33089,"comment_status":"open","ping_status":"open","sticky":false,"template":"","format":"standard","meta":{"colormag_page_container_layout":"default_layout","colormag_page_sidebar_layout":"default_layout","footnotes":""},"categories":[2],"tags":[],"class_list":["post-33080","post","type-post","status-publish","format-standard","has-post-thumbnail","hentry","category-infogral"],"_links":{"self":[{"href":"http:\/\/vocesver.com\/noticias\/wp-json\/wp\/v2\/posts\/33080","targetHints":{"allow":["GET"]}}],"collection":[{"href":"http:\/\/vocesver.com\/noticias\/wp-json\/wp\/v2\/posts"}],"about":[{"href":"http:\/\/vocesver.com\/noticias\/wp-json\/wp\/v2\/types\/post"}],"author":[{"embeddable":true,"href":"http:\/\/vocesver.com\/noticias\/wp-json\/wp\/v2\/users\/2"}],"replies":[{"embeddable":true,"href":"http:\/\/vocesver.com\/noticias\/wp-json\/wp\/v2\/comments?post=33080"}],"version-history":[{"count":3,"href":"http:\/\/vocesver.com\/noticias\/wp-json\/wp\/v2\/posts\/33080\/revisions"}],"predecessor-version":[{"id":33090,"href":"http:\/\/vocesver.com\/noticias\/wp-json\/wp\/v2\/posts\/33080\/revisions\/33090"}],"wp:featuredmedia":[{"embeddable":true,"href":"http:\/\/vocesver.com\/noticias\/wp-json\/wp\/v2\/media\/33089"}],"wp:attachment":[{"href":"http:\/\/vocesver.com\/noticias\/wp-json\/wp\/v2\/media?parent=33080"}],"wp:term":[{"taxonomy":"category","embeddable":true,"href":"http:\/\/vocesver.com\/noticias\/wp-json\/wp\/v2\/categories?post=33080"},{"taxonomy":"post_tag","embeddable":true,"href":"http:\/\/vocesver.com\/noticias\/wp-json\/wp\/v2\/tags?post=33080"}],"curies":[{"name":"wp","href":"https:\/\/api.w.org\/{rel}","templated":true}]}}