{"id":33075,"date":"2022-01-24T18:20:48","date_gmt":"2022-01-24T18:20:48","guid":{"rendered":"http:\/\/vocesver.com\/noticias\/?p=33075"},"modified":"2022-01-24T18:21:23","modified_gmt":"2022-01-24T18:21:23","slug":"anuncia-marcos-isleno-bodas-colectivas-gratuitas-para-los-festejos-del-dia-de-san-valentin","status":"publish","type":"post","link":"http:\/\/vocesver.com\/noticias\/anuncia-marcos-isleno-bodas-colectivas-gratuitas-para-los-festejos-del-dia-de-san-valentin\/","title":{"rendered":"Anuncia Marcos Isle\u00f1o Bodas Colectivas gratuitas para los festejos del D\u00eda de San Valent\u00edn"},"content":{"rendered":"\n<p>\u00b0El presidente municipal de Medell\u00edn de Bravo explic\u00f3 que no habr\u00e1 l\u00edmite de parejas y los tr\u00e1mites ser\u00e1n gratuitos.<br><br><br>REDACCI\u00d3N\/VOCESVER.COM\/NOTICIAS<br><br>Medell\u00edn de Bravo, Ver. 24 de enero de 2022.- Como marco de los festejos por el D\u00eda de San Valent\u00edn, a celebrarse el 14 de febrero pr\u00f3ximo, el alcalde Marcos Isle\u00f1o Andrade anunci\u00f3 las Bodas Colectivas a realizarse en esa fecha de forma gratuita.<br><br>En entrevista, el presidente municipal sostuvo que el bienestar jur\u00eddico de los medellinenses es una de las principales metas de su administraci\u00f3n.<br><br>\u201cSomos un gobierno sensible que escucha de forma directa a los ciudadanos. Y por ello, en una de las muchas acciones que realizaremos en beneficio de los ciudadanos, nos daremos a la tarea de brindarles certeza legal y jur\u00eddica a las parejas que as\u00ed lo deseen\u201d, resalt\u00f3.<br><br>En ese sentido destac\u00f3 que el pr\u00f3ximo 14 de febrero -fecha tambi\u00e9n conocida como D\u00eda del Amor y la Amistad-, se realizar\u00e1n las Bodas Colectivas en coordinaci\u00f3n con el DIF Municipal y el Registro Civil.<br><br>El edil explic\u00f3 que no habr\u00e1 l\u00edmite de parejas y todos los tr\u00e1mites para obtener el acta de matrimonio ser\u00e1n gratuitos.<br><br>Para todos los interesados, a continuaci\u00f3n, se enlistan los requisitos para obtener de forma gratuita dicho documento:<br><br>1.- Solicitud (proporcionada de manera gratuita por la oficina correspondiente).<br><br>2.- Copias certificadas de las actas de nacimiento de los contrayentes (si fueron registrados en Medell\u00edn se otorgar\u00e1n de manera gratuita).<br><br>3.- Identificaci\u00f3n oficial y CURP de los contrayentes.<br><br>4.- Comprobante de domicilio.<br><br>5.- An\u00e1lisis cl\u00ednicos prenupciales expedidos por el sector salud estatal (RH, VDRL, salud f\u00edsica y mental), o en su defecto un escrito libre, firmado por ambos contrayentes donde manifiesten su voluntad de no realizarse dichos an\u00e1lisis.<br><br><br><br><br><br><br><br><br><br><br><br><br><br><br><br><br><br><br><br><br><br><br><br><br><br><br><br><br><br><br><br><br><br><\/p>\n","protected":false},"excerpt":{"rendered":"<p>\u00b0El presidente municipal de Medell\u00edn de Bravo explic\u00f3 que no habr\u00e1 l\u00edmite de parejas y los tr\u00e1mites ser\u00e1n gratuitos. REDACCI\u00d3N\/VOCESVER.COM\/NOTICIAS<\/p>\n","protected":false},"author":2,"featured_media":33081,"comment_status":"open","ping_status":"open","sticky":false,"template":"","format":"standard","meta":{"colormag_page_container_layout":"default_layout","colormag_page_sidebar_layout":"default_layout","footnotes":""},"categories":[2],"tags":[],"class_list":["post-33075","post","type-post","status-publish","format-standard","has-post-thumbnail","hentry","category-infogral"],"_links":{"self":[{"href":"http:\/\/vocesver.com\/noticias\/wp-json\/wp\/v2\/posts\/33075","targetHints":{"allow":["GET"]}}],"collection":[{"href":"http:\/\/vocesver.com\/noticias\/wp-json\/wp\/v2\/posts"}],"about":[{"href":"http:\/\/vocesver.com\/noticias\/wp-json\/wp\/v2\/types\/post"}],"author":[{"embeddable":true,"href":"http:\/\/vocesver.com\/noticias\/wp-json\/wp\/v2\/users\/2"}],"replies":[{"embeddable":true,"href":"http:\/\/vocesver.com\/noticias\/wp-json\/wp\/v2\/comments?post=33075"}],"version-history":[{"count":3,"href":"http:\/\/vocesver.com\/noticias\/wp-json\/wp\/v2\/posts\/33075\/revisions"}],"predecessor-version":[{"id":33083,"href":"http:\/\/vocesver.com\/noticias\/wp-json\/wp\/v2\/posts\/33075\/revisions\/33083"}],"wp:featuredmedia":[{"embeddable":true,"href":"http:\/\/vocesver.com\/noticias\/wp-json\/wp\/v2\/media\/33081"}],"wp:attachment":[{"href":"http:\/\/vocesver.com\/noticias\/wp-json\/wp\/v2\/media?parent=33075"}],"wp:term":[{"taxonomy":"category","embeddable":true,"href":"http:\/\/vocesver.com\/noticias\/wp-json\/wp\/v2\/categories?post=33075"},{"taxonomy":"post_tag","embeddable":true,"href":"http:\/\/vocesver.com\/noticias\/wp-json\/wp\/v2\/tags?post=33075"}],"curies":[{"name":"wp","href":"https:\/\/api.w.org\/{rel}","templated":true}]}}