{"id":33069,"date":"2022-01-24T18:02:57","date_gmt":"2022-01-24T18:02:57","guid":{"rendered":"http:\/\/vocesver.com\/noticias\/?p=33069"},"modified":"2022-01-24T18:03:13","modified_gmt":"2022-01-24T18:03:13","slug":"podemos-poner-fin-a-la-fase-aguda-de-la-pandemia-este-ano-oms","status":"publish","type":"post","link":"http:\/\/vocesver.com\/noticias\/podemos-poner-fin-a-la-fase-aguda-de-la-pandemia-este-ano-oms\/","title":{"rendered":"Podemos poner fin a la fase aguda de la pandemia este a\u00f1o: OMS"},"content":{"rendered":"\n<p><br><br>Para lograrlo, los pa\u00edses no deben quedarse de brazos cruzados, dijo la OMS. Foto: Reuters<br><br><br>REDACCI\u00d3N\/VOCESVER.COM\/NOTICIAS<br><br>INTERNACIONAL.- A 24 DE ENERO 2022.- DE ACUERDO CON INFORMACI\u00d3N  DE AGENCIA\/AFP&#8230;&#8230;..La Organizaci\u00f3n Mundial de la Salud (OMS) consider\u00f3 que el fin de la fase aguda de la pandemia quiz\u00e1 llegue este a\u00f1o, aunque el COVID-19 provoca actualmente una muerte en el mundo cada 12 segundos.<br><br><br>\u201cPodemos poner fin a la fase aguda de la pandemia este a\u00f1o, podemos poner fin al COVID-19 como urgencia sanitaria mundial\u201d, el nivel de alerta m\u00e1s elevado de la OMS, declar\u00f3 su director general, Tedros Adhanom Ghebreyesus.<br><br>\u00bfC\u00f3mo lograr el fin de la pandemia?<br><br>Para lograrlo, -explic\u00f3 en la apertura del comit\u00e9 ejecutivo de la OMS, que se re\u00fane esta semana en Ginebra- que los pa\u00edses no deben quedarse de brazos cruzados y est\u00e1n obligados a:<br><br>Luchar contra la desigualdad en la vacunaci\u00f3n<br>Vigilar el virus y sus variantes<br>Aplicar restricciones adaptadas<br>Sin embargo, en \u00c1frica, el 85% de la poblaci\u00f3n ha recibido <br>\u00fanicamente una dosis de la vacuna, subray\u00f3.<br><br>Adem\u00e1s, advirti\u00f3 que es \u201cpeligroso suponer que (la variante muy contagiosa) \u00d3micron ser\u00e1 la \u00faltima variante\u201d, porque las condiciones son \u201cideales\u201d en el mundo para que otras variantes surjan, incluso otras m\u00e1s transmisibles y virulentas.<br><br>Es posible que termine la pandemia en Europa: OMS<br>El domingo, el director de la OMS para Europa, Hans Kluge, consider\u00f3 que en la regi\u00f3n podr\u00eda perfilarse una salida de la pandemia de COVID-19 dos a\u00f1os despu\u00e9s de que la enfermedad fuese detectada por primera vez en el continente, aunque pidi\u00f3 prudencia ante sus declaraciones, dada la versatilidad del virus.<br><br>La OMS estima que \u00d3micron podr\u00eda haber contagiado al 60% de la poblaci\u00f3n europea antes de marzo.<br><br>Sin embargo, Europa no se encuentra en una \u201cera end\u00e9mica\u201d, subray\u00f3 el responsable.<br><br>\u201cEnd\u00e9mica significa que podemos prever lo que va a ocurrir; este virus ha sorprendido m\u00e1s de una vez. As\u00ed que tenemos que ser prudentes\u201d.<br><br>Hans Kluge, director de la OMS para Europa.<br>Pero un grupo de expertos asegur\u00f3 que no es probable que la variante del coronavirus conocida como \u00d3micron, que se propaga mucho m\u00e1s r\u00e1pido que las mutaciones anteriores, ayude a los pa\u00edses a lograr la llamada inmunidad de reba\u00f1o contra el COVID-19.<br><br><br><br><br>INF. DE AGENCIA\/AFP&#8230;&#8230;.<br><br><br><br><br><br><br><br><br><br><br><br><br><br><br><br><br><br><br><br><br><br><br><br><br><br><br><br><br><\/p>\n","protected":false},"excerpt":{"rendered":"<p>Para lograrlo, los pa\u00edses no deben quedarse de brazos cruzados, dijo la OMS. Foto: Reuters REDACCI\u00d3N\/VOCESVER.COM\/NOTICIAS INTERNACIONAL.- A 24 DE<\/p>\n","protected":false},"author":2,"featured_media":33076,"comment_status":"open","ping_status":"open","sticky":false,"template":"","format":"standard","meta":{"colormag_page_container_layout":"default_layout","colormag_page_sidebar_layout":"default_layout","footnotes":""},"categories":[6],"tags":[],"class_list":["post-33069","post","type-post","status-publish","format-standard","has-post-thumbnail","hentry","category-internacional"],"_links":{"self":[{"href":"http:\/\/vocesver.com\/noticias\/wp-json\/wp\/v2\/posts\/33069","targetHints":{"allow":["GET"]}}],"collection":[{"href":"http:\/\/vocesver.com\/noticias\/wp-json\/wp\/v2\/posts"}],"about":[{"href":"http:\/\/vocesver.com\/noticias\/wp-json\/wp\/v2\/types\/post"}],"author":[{"embeddable":true,"href":"http:\/\/vocesver.com\/noticias\/wp-json\/wp\/v2\/users\/2"}],"replies":[{"embeddable":true,"href":"http:\/\/vocesver.com\/noticias\/wp-json\/wp\/v2\/comments?post=33069"}],"version-history":[{"count":3,"href":"http:\/\/vocesver.com\/noticias\/wp-json\/wp\/v2\/posts\/33069\/revisions"}],"predecessor-version":[{"id":33078,"href":"http:\/\/vocesver.com\/noticias\/wp-json\/wp\/v2\/posts\/33069\/revisions\/33078"}],"wp:featuredmedia":[{"embeddable":true,"href":"http:\/\/vocesver.com\/noticias\/wp-json\/wp\/v2\/media\/33076"}],"wp:attachment":[{"href":"http:\/\/vocesver.com\/noticias\/wp-json\/wp\/v2\/media?parent=33069"}],"wp:term":[{"taxonomy":"category","embeddable":true,"href":"http:\/\/vocesver.com\/noticias\/wp-json\/wp\/v2\/categories?post=33069"},{"taxonomy":"post_tag","embeddable":true,"href":"http:\/\/vocesver.com\/noticias\/wp-json\/wp\/v2\/tags?post=33069"}],"curies":[{"name":"wp","href":"https:\/\/api.w.org\/{rel}","templated":true}]}}