{"id":33065,"date":"2022-01-24T17:55:07","date_gmt":"2022-01-24T17:55:07","guid":{"rendered":"http:\/\/vocesver.com\/noticias\/?p=33065"},"modified":"2022-01-24T17:56:28","modified_gmt":"2022-01-24T17:56:28","slug":"hay-que-vacunarse-contra-el-covid-19-luego-del-contagio-esto-dice-unam","status":"publish","type":"post","link":"http:\/\/vocesver.com\/noticias\/hay-que-vacunarse-contra-el-covid-19-luego-del-contagio-esto-dice-unam\/","title":{"rendered":"\u00bfHay que vacunarse contra el COVID-19 luego del contagio? Esto dice UNAM"},"content":{"rendered":"\n<p><br>Despu\u00e9s de haberse enfermado y una vez que desaparecen las molestias se debe vacunarse.<br><br><br>REDACCI\u00d3N\/VOCESVER.COM\/NOTICIAS<br><br>NACIONAL(CIENCIA Y TECNOLOG\u00cdA).- A 24 DE Enero 20222.-De acuerdo con informaci\u00f3n de UNOTV\/AGENCIAS&#8230;.Luego del contagio de COVID-19 las personas deben vacunarse en cuanto sea posible si tienen su esquema incompleto o les toca el refuerzo, explic\u00f3 Samuel Ponce de Le\u00f3n, titular de la Comisi\u00f3n Universitaria para la Atenci\u00f3n de la Emergencia Coronavirus.<br><br><br>Despu\u00e9s de haberse enfermado y una vez que desaparecen las molestias, tampoco hay problema en vacunarse, es decir, que se apliquen la segunda dosis, esquema inicial o vacuna de refuerzo. No hay \u201cun lapso r\u00edgido que se tenga que cumplir\u201d. Esperar que pasen 30, 60 o 90 d\u00edas \u201cno son de utilidad\u201d.<br><br><br>Quienes se infecten con SARS-CoV-2 y tengan el esquema completo de vacunaci\u00f3n, insiste el tambi\u00e9n coordinador del Programa Universitario de Investigaci\u00f3n en Salud (PUIS), deben ponerse la vacuna de refuerzo y la de la influenza porque as\u00ed mejorar\u00e1n su estado inmunol\u00f3gico, \u201cquiz\u00e1s con una mayor eficacia que haber tenido COVID-19\u201d.<br><br>\u00bfC\u00f3mo son los s\u00edntomas del s\u00edndrome postcovid?<br>En el COVID-19 largo, explica el investigador, los s\u00edntomas se presentan durante cuatro a seis semanas. El s\u00edndrome postcovid puede aparecer semanas despu\u00e9s de resuelto el cuadro agudo. Su manifestaci\u00f3n cl\u00ednica se describe como:<br><br><br>Fatiga cr\u00f3nica y muy intensa<br>Cansancio<br>Un poco de dolor de cabeza<br>Dolores osteomusculares, que pueden ser persistentes y dif\u00edciles de resolver<br>Vacunarse contra el COVID-19 ayuda a evitar cuadros graves de la enfermedad<br>Ponce de Le\u00f3n explic\u00f3 que por \u00d3micron se prev\u00e9 una gran cantidad de contagios en las siguientes semanas. Quiz\u00e1s nuevamente se infecte 50% de la poblaci\u00f3n de M\u00e9xico. Ser\u00e1n muchos millones de habitantes infectados. La mayor\u00eda, asintom\u00e1ticos y en proporciones menores, tendr\u00e1n s\u00edntomas de intensidad variable: una mayor\u00eda, los presentar\u00e1 moderados y los dem\u00e1s, padecer\u00e1n cuadros graves.<br><br><br>Si no fuera por las vacunas y la vacunaci\u00f3n, en esta cuarta ola de SARS-CoV-2 \u201ctendr\u00edamos una situaci\u00f3n mucho m\u00e1s comprometida en la demanda hospitalaria y con un incremento significativo, ya ahora, en la mortalidad\u201d.<br><br>Con el paso del tiempo, apunta Ponce de Le\u00f3n, la interacci\u00f3n entre el virus seguir\u00e1 modific\u00e1ndose y nuestra especie continuar\u00e1 mejorando su inmunidad en general. Y se establecer\u00e1 ya un nivel de contagios estable o \u201cpatr\u00f3n end\u00e9mico\u201d, con incrementos en alg\u00fan periodo del a\u00f1o. Quiz\u00e1s sea en invierno y ser\u00e1n necesarios los refuerzos o nuevos esquemas de vacunaci\u00f3n peri\u00f3dicamente.<br><br>En M\u00e9xico, la autoridad de salud ha anunciado que se han aprobado dos nuevos antivirales. Uno de ellos para \u201cuso muy temprano\u201d en el curso de la infecci\u00f3n. A\u00fan no se determina c\u00f3mo se va a aplicar el esquema de distribuci\u00f3n. <br><br>\u201cSer\u00e1 una herramienta extraordinariamente \u00fatil para poder utilizar con una gu\u00eda m\u00e9dica, desde luego en las circunstancias que prev\u00e9n su mejor eficacia\u201d.<br><br><br>INF. DE UNOTV\/AGENCIAS<br><br><br><br><br><br><br><br><br><br><br><br><br><br><br><br><br><br><br><br><br><br><br><br><br><br><br><br><br><br><br><br><br><br><br><br><br><br><br><br><br><br><br><\/p>\n","protected":false},"excerpt":{"rendered":"<p>Despu\u00e9s de haberse enfermado y una vez que desaparecen las molestias se debe vacunarse. REDACCI\u00d3N\/VOCESVER.COM\/NOTICIAS NACIONAL(CIENCIA Y TECNOLOG\u00cdA).- A 24<\/p>\n","protected":false},"author":2,"featured_media":33071,"comment_status":"open","ping_status":"open","sticky":false,"template":"","format":"standard","meta":{"colormag_page_container_layout":"default_layout","colormag_page_sidebar_layout":"default_layout","footnotes":""},"categories":[5],"tags":[],"class_list":["post-33065","post","type-post","status-publish","format-standard","has-post-thumbnail","hentry","category-nacional"],"_links":{"self":[{"href":"http:\/\/vocesver.com\/noticias\/wp-json\/wp\/v2\/posts\/33065","targetHints":{"allow":["GET"]}}],"collection":[{"href":"http:\/\/vocesver.com\/noticias\/wp-json\/wp\/v2\/posts"}],"about":[{"href":"http:\/\/vocesver.com\/noticias\/wp-json\/wp\/v2\/types\/post"}],"author":[{"embeddable":true,"href":"http:\/\/vocesver.com\/noticias\/wp-json\/wp\/v2\/users\/2"}],"replies":[{"embeddable":true,"href":"http:\/\/vocesver.com\/noticias\/wp-json\/wp\/v2\/comments?post=33065"}],"version-history":[{"count":2,"href":"http:\/\/vocesver.com\/noticias\/wp-json\/wp\/v2\/posts\/33065\/revisions"}],"predecessor-version":[{"id":33070,"href":"http:\/\/vocesver.com\/noticias\/wp-json\/wp\/v2\/posts\/33065\/revisions\/33070"}],"wp:featuredmedia":[{"embeddable":true,"href":"http:\/\/vocesver.com\/noticias\/wp-json\/wp\/v2\/media\/33071"}],"wp:attachment":[{"href":"http:\/\/vocesver.com\/noticias\/wp-json\/wp\/v2\/media?parent=33065"}],"wp:term":[{"taxonomy":"category","embeddable":true,"href":"http:\/\/vocesver.com\/noticias\/wp-json\/wp\/v2\/categories?post=33065"},{"taxonomy":"post_tag","embeddable":true,"href":"http:\/\/vocesver.com\/noticias\/wp-json\/wp\/v2\/tags?post=33065"}],"curies":[{"name":"wp","href":"https:\/\/api.w.org\/{rel}","templated":true}]}}