{"id":33061,"date":"2022-01-22T19:44:33","date_gmt":"2022-01-22T19:44:33","guid":{"rendered":"http:\/\/vocesver.com\/noticias\/?p=33061"},"modified":"2022-01-22T19:46:18","modified_gmt":"2022-01-22T19:46:18","slug":"se-dispara-el-alcoholismo-un-10-en-los-ultimos-dos-anos","status":"publish","type":"post","link":"http:\/\/vocesver.com\/noticias\/se-dispara-el-alcoholismo-un-10-en-los-ultimos-dos-anos\/","title":{"rendered":"SE DISPARA EL ALCOHOLISMO UN  10 %,EN LOS \u00daLTIMOS DOS A\u00d1OS."},"content":{"rendered":"\n<p><br>\u00b0El covid-19 una  de las principales causas.<br><br>REDACCI\u00d3N\/VOCESVER.COM\/NOTICIAS<br><br>Veracruz,Ver,.. a 22 de Enero 2022.- Miguel X, integrante de la Central Mexicana de los Servicios Generales de Alcoh\u00f3licos An\u00f3nimos, se\u00f1al\u00f3 que a ra\u00edz de la depresi\u00f3n y ansiedad causada por la situaci\u00f3n de la pandemia del coronavirus, el alcoholismo ha tenido un incremento en los \u00faltimos dos a\u00f1os de un 10 por ciento. <br><br>Explic\u00f3 que a nivel nacional,cuatro de cada diez personas adscritas a los centros de Alcoh\u00f3licos An\u00f3nimos,acudieronpor primera vez en busca de ayuda contra el alcoholismo en el primer a\u00f1o de pandemia,adem\u00e1s los grupos de Alcoh\u00f3licos An\u00f3nimos se ha notado un incremento de personas que buscan sus servicios para lidiar con el problema de la adicci\u00f3n  a la bebida.<br>Reconoci\u00f3 que hay mucho joven que ante el encierro causado por las medidas restrictivas del Covid-19, caen en la desesperaci\u00f3n y prefieren tomar alcohol para olvidarse de los problemas. <br><br>Revel\u00f3 que en los servicios que hacen en la correccional de Palma Sola, han visto a menores de 12, 13, 14 y 15 a\u00f1os que ya est\u00e1n afectados por el vicio, y que lo m\u00e1s lamentable, es que muchos fueron iniciados por sus propios padres. <br><br><br>Y es que dijo, los padres que padecen de alcoholismo, no cuentan con la moral para exigirle a su hijo que deje este vicio. <br><br><br><br><br><br><br><br><br><br><br><br><br><br><br><br><br><br><br><br><br><br><br><br><br><br><br><br><br><br><br><br><br><br><\/p>\n","protected":false},"excerpt":{"rendered":"<p>\u00b0El covid-19 una de las principales causas. REDACCI\u00d3N\/VOCESVER.COM\/NOTICIAS Veracruz,Ver,.. a 22 de Enero 2022.- Miguel X, integrante de la Central<\/p>\n","protected":false},"author":2,"featured_media":33067,"comment_status":"open","ping_status":"open","sticky":false,"template":"","format":"standard","meta":{"colormag_page_container_layout":"default_layout","colormag_page_sidebar_layout":"default_layout","footnotes":""},"categories":[2],"tags":[],"class_list":["post-33061","post","type-post","status-publish","format-standard","has-post-thumbnail","hentry","category-infogral"],"_links":{"self":[{"href":"http:\/\/vocesver.com\/noticias\/wp-json\/wp\/v2\/posts\/33061","targetHints":{"allow":["GET"]}}],"collection":[{"href":"http:\/\/vocesver.com\/noticias\/wp-json\/wp\/v2\/posts"}],"about":[{"href":"http:\/\/vocesver.com\/noticias\/wp-json\/wp\/v2\/types\/post"}],"author":[{"embeddable":true,"href":"http:\/\/vocesver.com\/noticias\/wp-json\/wp\/v2\/users\/2"}],"replies":[{"embeddable":true,"href":"http:\/\/vocesver.com\/noticias\/wp-json\/wp\/v2\/comments?post=33061"}],"version-history":[{"count":2,"href":"http:\/\/vocesver.com\/noticias\/wp-json\/wp\/v2\/posts\/33061\/revisions"}],"predecessor-version":[{"id":33066,"href":"http:\/\/vocesver.com\/noticias\/wp-json\/wp\/v2\/posts\/33061\/revisions\/33066"}],"wp:featuredmedia":[{"embeddable":true,"href":"http:\/\/vocesver.com\/noticias\/wp-json\/wp\/v2\/media\/33067"}],"wp:attachment":[{"href":"http:\/\/vocesver.com\/noticias\/wp-json\/wp\/v2\/media?parent=33061"}],"wp:term":[{"taxonomy":"category","embeddable":true,"href":"http:\/\/vocesver.com\/noticias\/wp-json\/wp\/v2\/categories?post=33061"},{"taxonomy":"post_tag","embeddable":true,"href":"http:\/\/vocesver.com\/noticias\/wp-json\/wp\/v2\/tags?post=33061"}],"curies":[{"name":"wp","href":"https:\/\/api.w.org\/{rel}","templated":true}]}}