{"id":33057,"date":"2022-01-22T19:24:01","date_gmt":"2022-01-22T19:24:01","guid":{"rendered":"http:\/\/vocesver.com\/noticias\/?p=33057"},"modified":"2022-01-22T19:24:03","modified_gmt":"2022-01-22T19:24:03","slug":"ordenan-liberar-a-emilio-lozoya-por-agronitrogenados-seguira-en-prision-por-odebrecht","status":"publish","type":"post","link":"http:\/\/vocesver.com\/noticias\/ordenan-liberar-a-emilio-lozoya-por-agronitrogenados-seguira-en-prision-por-odebrecht\/","title":{"rendered":"Ordenan liberar a Emilio Lozoya por Agronitrogenados; seguir\u00e1 en prisi\u00f3n por Odebrecht"},"content":{"rendered":"\n<p><br><br>Lozoya Austin seguir\u00e1 en prisi\u00f3n preventiva por los presuntos sobornos de Odebrecht. Foto: Getty Images<br><br><br>REDACCI\u00d3N\/VOCESVER.COM\/NOTICIAS<br><br>NACIONAL.- A 22 DE ENERO 2022.- DE ACUERDO CON INFORMACI\u00d3N DE AGEMCOAS\/UNOTV&#8230;..Un Tribunal Unitario resolvi\u00f3 retirar la medida cautelar de prisi\u00f3n preventiva dictada anteriormente contra Emilio Lozoya, exdirector de Petr\u00f3leos Mexicano (Pemex) sujeto a proceso por la compraventa irregular de la empresa Agronitrogenados.<br><br><br>Esto luego de permanecer en prisi\u00f3n preventiva justificada durante m\u00e1s de tres meses en el Reclusorio Norte, en la Ciudad de M\u00e9xico, referente al caso de Agronitrogenados.<br><br><br>Al respecto, la Unidad de Inteligencia Financiera (UIF) de la Secretar\u00eda de Hacienda y Cr\u00e9dito P\u00fablico, en su car\u00e1cter de parte ofendida en el proceso penal, present\u00f3 el viernes 21 de enero una demanda de juicio de amparo para que sea revisada la constitucionalidad de dicha resoluci\u00f3n y solicit\u00f3 la suspensi\u00f3n de sus efectos a fin de evitar una obstrucci\u00f3n en la continuidad de los procesos.<br><br>\u00bfLozoya quedar\u00e1 libre?<br>Se sabe, por autoridades federales, que Lozoya gan\u00f3 una apelaci\u00f3n en contra de la prisi\u00f3n preventiva que se le impuso por dicho caso.<br><br><br>Al exfuncionario se le coloc\u00f3 un brazalete con localizador como medida cautelar en el proceso que se sigue en su contra por Agronitrogenados para poder abandonar el Reclusorio Norte.<br><br><br>La UIF aclar\u00f3 que el imputado no alcanza la liberaci\u00f3n por la resoluci\u00f3n aludida, pues se encuentra sujeto a prisi\u00f3n preventiva por los presuntos sobornos de Odebrecht.<br><br>Procesos legales del exdirector de Pemex<br>Cabe mencionar que, Emilio Lozoya enfrenta dos juicios, uno por la compra de Agronitrogenados a sobreprecio, y el otro por la acusaci\u00f3n de presuntos sobornos por el caso de la empresa brasile\u00f1a Odebrecht.<br><br>A principios de enero, la Fiscal\u00eda General de la Rep\u00fablica (FGR) acus\u00f3 formalmente a Emilio Lozoya Austin por el caso Odebrecht, por lo que solicit\u00f3 una condena que sumar\u00eda 39 a\u00f1os de prisi\u00f3n.<br><br>Tres d\u00edas despu\u00e9s, la FGR solicit\u00f3 15 a\u00f1os de prisi\u00f3n contra el exdirector de Petr\u00f3leos Mexicanos, por el caso Agronitrogenados.<br><br>\u00bfQui\u00e9n es Emilio Lozoya y de qu\u00e9 se le acusa?<br>Lozoya, quien fue extraditado desde Espa\u00f1a a mediados de 2020, es acusado de haber solicitado dinero a cambio de contratos a Odebrecht para la campa\u00f1a que llev\u00f3 a Enrique Pe\u00f1a Nieto a la presidencia del pa\u00eds entre 2012 y 2018.<br><br>La FGR acus\u00f3 formalmente al director de Pemex, entre 2012 y 2016, por lavado de dinero, asociaci\u00f3n delictuosa y cohecho que, juntos, suman penas de hasta 39 a\u00f1os de c\u00e1rcel, dijeron fuentes relacionadas con el tema.<br><br>En la acusaci\u00f3n, la FGR asegura que Emilio Lozoya recibi\u00f3 m\u00e1s de nueve millones de d\u00f3lares en sobornos de Odebrecht, que ocult\u00f3 en empresas fachada y propiedades en colusi\u00f3n con su madre y otros familiares.<br><br>A cambio de este dinero, la constructora brasile\u00f1a se vio favorecida con contratos durante la gesti\u00f3n de Enrique Pe\u00f1a Nieto, entregados sin que tuviera que competir en licitaciones.<br><br>Adem\u00e1s, el exfuncionario es se\u00f1alado por ordenar la compra en 2013, con sobreprecio, de una planta de fertilizantes (Agronitrogenados), mientras estuvo al frente de la petrolera estatal.<br>Hasta fines del a\u00f1o pasado, Emilio Lozoya hab\u00eda enfrentado su proceso en libertad, pero fue puesto tras las rejas luego de que fueran divulgadas fotos de \u00e9l mientras cenaba con amigos en un lujoso restaurante en la Ciudad de M\u00e9xico, lo que provoc\u00f3 indignaci\u00f3n.<br><br>Emilio Ricardo Lozoya Austin es originario del estado de Chihuahua; naci\u00f3 el 8 de diciembre de 1974. Es economista por el Instituto Tecnol\u00f3gico Aut\u00f3nomo de M\u00e9xico (ITAM); adem\u00e1s, estudi\u00f3 la carrera de Derecho en la Universidad Nacional Aut\u00f3noma de M\u00e9xico (UNAM) y cuenta con una maestr\u00eda en Administraci\u00f3n P\u00fablica por la Universidad de Harvard.<br><br><br><br>INF. DE AGENCIAS\/UNOTV&#8230;..<br><br><br><br><br><br><br><br><br><br><br><br><br><br><br><br><br><br><br><br><br><br><br><br><br><br><br><br><br><br><\/p>\n","protected":false},"excerpt":{"rendered":"<p>Lozoya Austin seguir\u00e1 en prisi\u00f3n preventiva por los presuntos sobornos de Odebrecht. Foto: Getty Images REDACCI\u00d3N\/VOCESVER.COM\/NOTICIAS NACIONAL.- A 22 DE<\/p>\n","protected":false},"author":2,"featured_media":33062,"comment_status":"open","ping_status":"open","sticky":false,"template":"","format":"standard","meta":{"colormag_page_container_layout":"default_layout","colormag_page_sidebar_layout":"default_layout","footnotes":""},"categories":[5],"tags":[],"class_list":["post-33057","post","type-post","status-publish","format-standard","has-post-thumbnail","hentry","category-nacional"],"_links":{"self":[{"href":"http:\/\/vocesver.com\/noticias\/wp-json\/wp\/v2\/posts\/33057","targetHints":{"allow":["GET"]}}],"collection":[{"href":"http:\/\/vocesver.com\/noticias\/wp-json\/wp\/v2\/posts"}],"about":[{"href":"http:\/\/vocesver.com\/noticias\/wp-json\/wp\/v2\/types\/post"}],"author":[{"embeddable":true,"href":"http:\/\/vocesver.com\/noticias\/wp-json\/wp\/v2\/users\/2"}],"replies":[{"embeddable":true,"href":"http:\/\/vocesver.com\/noticias\/wp-json\/wp\/v2\/comments?post=33057"}],"version-history":[{"count":2,"href":"http:\/\/vocesver.com\/noticias\/wp-json\/wp\/v2\/posts\/33057\/revisions"}],"predecessor-version":[{"id":33063,"href":"http:\/\/vocesver.com\/noticias\/wp-json\/wp\/v2\/posts\/33057\/revisions\/33063"}],"wp:featuredmedia":[{"embeddable":true,"href":"http:\/\/vocesver.com\/noticias\/wp-json\/wp\/v2\/media\/33062"}],"wp:attachment":[{"href":"http:\/\/vocesver.com\/noticias\/wp-json\/wp\/v2\/media?parent=33057"}],"wp:term":[{"taxonomy":"category","embeddable":true,"href":"http:\/\/vocesver.com\/noticias\/wp-json\/wp\/v2\/categories?post=33057"},{"taxonomy":"post_tag","embeddable":true,"href":"http:\/\/vocesver.com\/noticias\/wp-json\/wp\/v2\/tags?post=33057"}],"curies":[{"name":"wp","href":"https:\/\/api.w.org\/{rel}","templated":true}]}}