{"id":33053,"date":"2022-01-22T19:16:12","date_gmt":"2022-01-22T19:16:12","guid":{"rendered":"http:\/\/vocesver.com\/noticias\/?p=33053"},"modified":"2022-01-22T19:17:28","modified_gmt":"2022-01-22T19:17:28","slug":"amlo-revela-que-tiene-un-testamento-politico-tras-recibir-alta-medica","status":"publish","type":"post","link":"http:\/\/vocesver.com\/noticias\/amlo-revela-que-tiene-un-testamento-politico-tras-recibir-alta-medica\/","title":{"rendered":"AMLO revela que tiene un testamento pol\u00edtico, tras recibir alta m\u00e9dica"},"content":{"rendered":"\n<p><br><br>AMLO revela que tiene un testamento pol\u00edtico, tras recibir alta m\u00e9dica. Foto: Cuartoscuro<br><br>REDACCI\u00d3N\/VOCESVER.COM\/NOTICIAS<br><br>NACIONAL.- A 22 DE  ENERO 2022.- DE ACUERDO CON INFORMACI\u00d3N DE UNOTV.COM&#8230;.El presidente Andr\u00e9s Manuel L\u00f3pez Obrador (AMLO) revel\u00f3 que tiene un \u201ctestamento pol\u00edtico\u201d, tras recibir alta m\u00e9dica, luego de que el pasado viernes ingresara al Hospital Central Militar para realizarse un cateterismo, \u201cuna exploraci\u00f3n en las arterias y coraz\u00f3n\u201d.<br><br><br>Ya estamos de regreso en Palacio Nacional. Dicen los m\u00e9dicos que podemos seguir trabajando con intensidad en beneficio del pueblo y de la naci\u00f3n. pic.twitter.com\/0nASfdB61c<br><br>\u2014 Andr\u00e9s Manuel (@lopezobrador_) January 22, 2022<br>En un video difundido en redes sociales, dijo que hace 15 d\u00edas se hizo una prueba de esfuerzo, pues hace ocho a\u00f1os record\u00f3 que le dio un infarto, por lo que peri\u00f3dicamente revisa su salud y toma medicamentos para mantener controlada la presi\u00f3n.<br><br>\u201cLos m\u00e9dicos decidieron hacer un cateterismo. Me enfermo, me contagio de COVID y tuve que esperar a que pasara el COVID y ayer despu\u00e9s de la conferencia asist\u00ed a esta cita con los m\u00e9dicos\u201d.<br><br>Andr\u00e9s Manuel L\u00f3pez Obrador, presidente de M\u00e9xico<br>\u201cTengo un testamento pol\u00edtico\u201d: L\u00f3pez Obrador<br><br>Recalc\u00f3 que el testamento pol\u00edtico mantiene el anhelo de un pa\u00eds en un proceso de transformaci\u00f3n y por ello tiene una responsabilidad por los antecedentes del infarto y la hipertensi\u00f3n que padece.<br><br>L\u00f3pez Obrador consider\u00f3 que su trabajo es intenso y toma en cuenta la posibilidad de la p\u00e9rdida de su vida y la situaci\u00f3n sobre c\u00f3mo queda el pa\u00eds.<br><br><br>Agradeci\u00f3 a los cardi\u00f3logos Patricio Ortiz del Instituto de Cardiolog\u00eda, quien lo intervino cuando ocurri\u00f3 el infarto, al coronel cardi\u00f3logo Luis Enrique Berumen y a la enfermera Karina Judith Salom\u00e9 de la costa grande de Guerrero, quienes lo atendieron.<br><br><br>AMLO cont\u00f3 que en el hospital permaneci\u00f3 unas horas donde lo hidrataron y lo intervinieron con el cateterismo que \u201ces una sonda, todo moderno, recorre las arterias y el coraz\u00f3n. Finalmente, decidieron no poner ning\u00fan stent (cardiaco)\u201d.<br><br><br>Refiri\u00f3 que se encontraron bien las arterias sin obstrucci\u00f3n y tardaron media hora en todo el proceso, para luego llevarlo a una habitaci\u00f3n, donde lo siguieron hidratando para pasar la noche en el hospital.<br><br>\u201cYa estoy de nuevo en Palacio Nacional, muy tranquilo y contento porque tenemos que consumar la obra de transformaci\u00f3n\u201d.<br><br>Andr\u00e9s Manuel L\u00f3pez Obrador, presidente de M\u00e9xico<br>Consider\u00f3 que ya se sentaron las bases para la trasformaci\u00f3n del pa\u00eds al no permitirse la corrupci\u00f3n y voltear a ver a los pobres. \u201cSi al amor al pr\u00f3jimo, la justicia, la fraternidad\u201d, dijo.<br><br>L\u00f3pez Obrador indic\u00f3 que falta un tramo a septiembre de 2024 si as\u00ed lo dispone \u201cel creador, la ciencia, la naturaleza\u201d, para entregar la banda presidencial y concluir el proceso.<br><br>\u201cTiene que garantizarse la gobernabilidad, tengo un testamento afortunadamente no va a necesitarse y vamos a seguir juntos queri\u00e9ndonos mucho porque amor con amor se paga\u201d.<br><br>Andr\u00e9s Manuel L\u00f3pez Obrador, presidente de M\u00e9xico<br>Dijo que tiene ganas de regresar a las giras y su estado de salud lo deten\u00eda, pero los m\u00e9dicos le autorizaron que puede hacer su vida normal.<br><br>\u201cHay presidente para un tiempo, el necesario, indispensable para llevar a cabo la transformaci\u00f3n\u201d.<br><br>Andr\u00e9s Manuel L\u00f3pez Obrador, presidente de M\u00e9xico<br>Agradeci\u00f3 a quienes se preocupan y mencion\u00f3 que prefiere no hablar del COVID o del cateterismo y \u201csolo de la felicidad de nuestro pueblo, enfrentando los graves problemas, lo que nos afecta como sociedad y seguir fortaleciendo la grandeza de M\u00e9xico\u201d.<br><br><br><br>INF. DE UNOTV.COM&#8230;&#8230;&#8230;&#8230;<br><br><br><br><br><br><br><br><br><br><br><br><br><br><br><br><br><br><br><br><br><br><br><br><br><br><br><br><br><br><br><br><br><br><br><br><br><br><br><br><br><br><\/p>\n","protected":false},"excerpt":{"rendered":"<p>AMLO revela que tiene un testamento pol\u00edtico, tras recibir alta m\u00e9dica. Foto: Cuartoscuro REDACCI\u00d3N\/VOCESVER.COM\/NOTICIAS NACIONAL.- A 22 DE ENERO 2022.-<\/p>\n","protected":false},"author":2,"featured_media":33059,"comment_status":"open","ping_status":"open","sticky":false,"template":"","format":"standard","meta":{"colormag_page_container_layout":"default_layout","colormag_page_sidebar_layout":"default_layout","footnotes":""},"categories":[5],"tags":[],"class_list":["post-33053","post","type-post","status-publish","format-standard","has-post-thumbnail","hentry","category-nacional"],"_links":{"self":[{"href":"http:\/\/vocesver.com\/noticias\/wp-json\/wp\/v2\/posts\/33053","targetHints":{"allow":["GET"]}}],"collection":[{"href":"http:\/\/vocesver.com\/noticias\/wp-json\/wp\/v2\/posts"}],"about":[{"href":"http:\/\/vocesver.com\/noticias\/wp-json\/wp\/v2\/types\/post"}],"author":[{"embeddable":true,"href":"http:\/\/vocesver.com\/noticias\/wp-json\/wp\/v2\/users\/2"}],"replies":[{"embeddable":true,"href":"http:\/\/vocesver.com\/noticias\/wp-json\/wp\/v2\/comments?post=33053"}],"version-history":[{"count":2,"href":"http:\/\/vocesver.com\/noticias\/wp-json\/wp\/v2\/posts\/33053\/revisions"}],"predecessor-version":[{"id":33058,"href":"http:\/\/vocesver.com\/noticias\/wp-json\/wp\/v2\/posts\/33053\/revisions\/33058"}],"wp:featuredmedia":[{"embeddable":true,"href":"http:\/\/vocesver.com\/noticias\/wp-json\/wp\/v2\/media\/33059"}],"wp:attachment":[{"href":"http:\/\/vocesver.com\/noticias\/wp-json\/wp\/v2\/media?parent=33053"}],"wp:term":[{"taxonomy":"category","embeddable":true,"href":"http:\/\/vocesver.com\/noticias\/wp-json\/wp\/v2\/categories?post=33053"},{"taxonomy":"post_tag","embeddable":true,"href":"http:\/\/vocesver.com\/noticias\/wp-json\/wp\/v2\/tags?post=33053"}],"curies":[{"name":"wp","href":"https:\/\/api.w.org\/{rel}","templated":true}]}}