{"id":33049,"date":"2022-01-21T17:13:06","date_gmt":"2022-01-21T17:13:06","guid":{"rendered":"http:\/\/vocesver.com\/noticias\/?p=33049"},"modified":"2022-01-21T17:17:05","modified_gmt":"2022-01-21T17:17:05","slug":"congreso-de-veracruz-deroga-delito-de-ultrajes-a-la-autoridad","status":"publish","type":"post","link":"http:\/\/vocesver.com\/noticias\/congreso-de-veracruz-deroga-delito-de-ultrajes-a-la-autoridad\/","title":{"rendered":"CONGRESO DE VERACRUZ DEROGA DELITO  DE ULTRAJES A LA AUTORIDAD."},"content":{"rendered":"\n<p>\u00b0La iniciativa de decreto ya se publica en la Gaseta Legisltativa de 11 de Enero 2022.<br>\u00b0Quedan derogados los art\u00edculos 331 y 371.<br>\u00b0Los colegios, Barras y Asociaciones de abogados los primeros en exigir su derogaci\u00f3n.<br>AUSENCIO RIVERA\/VOCESVER.COM\/NOTICIAS<br>Veracruz,Ver.- a 21 de Enero 2022.- Ya se publica en la Gaseta Legislativa la Iniciativa de Decreto que Deroga Disposiciones  del C\u00f3digo Penal para el Estado libre y Soberano de Veracruz de Ignacio de la Llave, en materia de ultrajes a la autoridad y contra las instituciones se Seguridad P\u00fablica.<br>En dicha publicaci\u00f3n, en su Art\u00edculo Primero se establece:Se deroga el Art\u00edculo 331 y el Art\u00edculo 371 Quinquies del C\u00f3digo Penal  para el Estado Libre y Soberano de Veracruz de Ignacio de la Llave para quedar como sigue:<br>Art\u00edculo 331. Se Deroga.<br>Art\u00edculo 371. Quinquies. Se Deroga.<br>El presente decreto entrar\u00e1 en vigor al d\u00eda siguiente de su publicaci\u00f3n en la Gaseta Oficial \u00d3rgano de Gobierno del Estado de Veracruz.<br>En Segundo Lugar. Se derogan todas las disposiciones que se opongan al presente Decreto.<br>De acuerdo con el documento el decreto se p\u00fablica en Xalapa,Ver. con  fecha 11 de Enero del 2022<br>En \u00e9l aparecen los nombres de la Diputada Ver\u00f3nica Pulido Herrera, Diputado Jaime de la Garza Mart\u00ednez, Dip. Miguel David Hermida Copado, Dip. Enrique Cambranis Torres.<br>Cabe mencionar que los Colegios, Barras y Asociaciones de Abogados fueron los primeros en solicitar dicha derogaci\u00f3n al percatarse de los abusos que ven\u00edan cometiendo los cuerpos policiales en contra de la ciudadan\u00eda veracruzana.<br><br><br><br><br><br><br><br><br><br><br><br><br><br><br><br><br><br><br><br><br><br><br><br><br><br><br><br><br><br><br><\/p>\n","protected":false},"excerpt":{"rendered":"<p>\u00b0La iniciativa de decreto ya se publica en la Gaseta Legisltativa de 11 de Enero 2022.\u00b0Quedan derogados los art\u00edculos 331<\/p>\n","protected":false},"author":2,"featured_media":33055,"comment_status":"open","ping_status":"open","sticky":false,"template":"","format":"standard","meta":{"colormag_page_container_layout":"default_layout","colormag_page_sidebar_layout":"default_layout","footnotes":""},"categories":[2],"tags":[],"class_list":["post-33049","post","type-post","status-publish","format-standard","has-post-thumbnail","hentry","category-infogral"],"_links":{"self":[{"href":"http:\/\/vocesver.com\/noticias\/wp-json\/wp\/v2\/posts\/33049","targetHints":{"allow":["GET"]}}],"collection":[{"href":"http:\/\/vocesver.com\/noticias\/wp-json\/wp\/v2\/posts"}],"about":[{"href":"http:\/\/vocesver.com\/noticias\/wp-json\/wp\/v2\/types\/post"}],"author":[{"embeddable":true,"href":"http:\/\/vocesver.com\/noticias\/wp-json\/wp\/v2\/users\/2"}],"replies":[{"embeddable":true,"href":"http:\/\/vocesver.com\/noticias\/wp-json\/wp\/v2\/comments?post=33049"}],"version-history":[{"count":2,"href":"http:\/\/vocesver.com\/noticias\/wp-json\/wp\/v2\/posts\/33049\/revisions"}],"predecessor-version":[{"id":33054,"href":"http:\/\/vocesver.com\/noticias\/wp-json\/wp\/v2\/posts\/33049\/revisions\/33054"}],"wp:featuredmedia":[{"embeddable":true,"href":"http:\/\/vocesver.com\/noticias\/wp-json\/wp\/v2\/media\/33055"}],"wp:attachment":[{"href":"http:\/\/vocesver.com\/noticias\/wp-json\/wp\/v2\/media?parent=33049"}],"wp:term":[{"taxonomy":"category","embeddable":true,"href":"http:\/\/vocesver.com\/noticias\/wp-json\/wp\/v2\/categories?post=33049"},{"taxonomy":"post_tag","embeddable":true,"href":"http:\/\/vocesver.com\/noticias\/wp-json\/wp\/v2\/tags?post=33049"}],"curies":[{"name":"wp","href":"https:\/\/api.w.org\/{rel}","templated":true}]}}