{"id":33036,"date":"2022-01-20T20:45:53","date_gmt":"2022-01-20T20:45:53","guid":{"rendered":"http:\/\/vocesver.com\/noticias\/?p=33036"},"modified":"2022-01-20T20:55:35","modified_gmt":"2022-01-20T20:55:35","slug":"el-contador-jose-reyes-cruz-se-sigue-capacitamdo-en-temas-fiscales","status":"publish","type":"post","link":"http:\/\/vocesver.com\/noticias\/el-contador-jose-reyes-cruz-se-sigue-capacitamdo-en-temas-fiscales\/","title":{"rendered":"EL CONTADOR JOS\u00c9 REYES  CRUZ SE SIGUE CAPACITAMDO EN TEMAS FISCALES."},"content":{"rendered":"\n<p>REDACCI\u00d3N\/VOCESVER.COM\/NOTICIAS<br><br>Verracruz,Ver.- a 20 de Enero 2022.-El C.P. Jos\u00e9 Reyes Cruz recibi\u00f3 la ma\u00f1ana de este jueves un merecido reconocimiento por su participaci\u00f3n en el curso  REFORMAS FISCALES 2022.- El curso fue organizado por la C\u00e1mara Nacional de Comercio Servicios y Turismo de Veracruz..\u00a1\u00a1\u00a1\u00bfMuchas Felicidades \u00a1\u00a1\u00a1contador. Foto Ausencio RIVERA<br><br><br><br><br><br><br><br><br><br><br><br><br><br><br><br><br><br><br><br><br><br><br><br><br><br><br><br><\/p>\n","protected":false},"excerpt":{"rendered":"<p>REDACCI\u00d3N\/VOCESVER.COM\/NOTICIAS Verracruz,Ver.- a 20 de Enero 2022.-El C.P. Jos\u00e9 Reyes Cruz recibi\u00f3 la ma\u00f1ana de este jueves un merecido reconocimiento<\/p>\n","protected":false},"author":2,"featured_media":33045,"comment_status":"open","ping_status":"open","sticky":false,"template":"","format":"standard","meta":{"colormag_page_container_layout":"default_layout","colormag_page_sidebar_layout":"default_layout","footnotes":""},"categories":[2],"tags":[],"class_list":["post-33036","post","type-post","status-publish","format-standard","has-post-thumbnail","hentry","category-infogral"],"_links":{"self":[{"href":"http:\/\/vocesver.com\/noticias\/wp-json\/wp\/v2\/posts\/33036","targetHints":{"allow":["GET"]}}],"collection":[{"href":"http:\/\/vocesver.com\/noticias\/wp-json\/wp\/v2\/posts"}],"about":[{"href":"http:\/\/vocesver.com\/noticias\/wp-json\/wp\/v2\/types\/post"}],"author":[{"embeddable":true,"href":"http:\/\/vocesver.com\/noticias\/wp-json\/wp\/v2\/users\/2"}],"replies":[{"embeddable":true,"href":"http:\/\/vocesver.com\/noticias\/wp-json\/wp\/v2\/comments?post=33036"}],"version-history":[{"count":3,"href":"http:\/\/vocesver.com\/noticias\/wp-json\/wp\/v2\/posts\/33036\/revisions"}],"predecessor-version":[{"id":33047,"href":"http:\/\/vocesver.com\/noticias\/wp-json\/wp\/v2\/posts\/33036\/revisions\/33047"}],"wp:featuredmedia":[{"embeddable":true,"href":"http:\/\/vocesver.com\/noticias\/wp-json\/wp\/v2\/media\/33045"}],"wp:attachment":[{"href":"http:\/\/vocesver.com\/noticias\/wp-json\/wp\/v2\/media?parent=33036"}],"wp:term":[{"taxonomy":"category","embeddable":true,"href":"http:\/\/vocesver.com\/noticias\/wp-json\/wp\/v2\/categories?post=33036"},{"taxonomy":"post_tag","embeddable":true,"href":"http:\/\/vocesver.com\/noticias\/wp-json\/wp\/v2\/tags?post=33036"}],"curies":[{"name":"wp","href":"https:\/\/api.w.org\/{rel}","templated":true}]}}