{"id":33030,"date":"2022-01-20T20:00:23","date_gmt":"2022-01-20T20:00:23","guid":{"rendered":"http:\/\/vocesver.com\/noticias\/?p=33030"},"modified":"2022-01-20T20:12:38","modified_gmt":"2022-01-20T20:12:38","slug":"recibe-representantes-de-ejidos-agentes-y-subagentes-de-comunidades-de-jamapa","status":"publish","type":"post","link":"http:\/\/vocesver.com\/noticias\/recibe-representantes-de-ejidos-agentes-y-subagentes-de-comunidades-de-jamapa\/","title":{"rendered":"Recibe representantes de ejidos, agentes y subagentes de comunidades de Jamapa"},"content":{"rendered":"\n<p><br><br><br>REDACCI\u00d3N\/VOCESVER.COM\/NOTICIAS<br><br><br>Jamapa.Ver.- a 20 de Enero 2022.- Nuestro alcalde V\u00edctor Morales, recibe representantes de diferentes comunidades de Jamapa como lo son: El Zacatal , La Lajilla , Matamba , Javilla, Las Puertas y El rinc\u00f3n , donde exponen sus necesidades, su acercamiento fue que se han visto afectados por la crisis pand\u00e9mica, y se han quedado estancados, as\u00ed mismo solicitaron que algunas comunidades no cuentan con servicios p\u00fablicos como es el agua; as\u00ed como el exceso de crecimiento de maleza, la cual no permiten cultivar la cosecha, el Alcalde recalco que est\u00e1 en la mejor disposici\u00f3n de colaborar con su mejora, adem\u00e1s ofreci\u00f3 a su equipo trabajo para la limpiezas de las localidades que la requieren.<br><br>Agradecen los ejidatarios haber sido recibidos por el alcalde ya que en administraciones pasadas no los tomaron en cuenta, agradecieron que se le dedicaran el tiempo para escuchar sus problem\u00e1ticas y darle soluciones dentro de sus ejidos.<br><br>#UnidosPorUnJamapaMejor<br><br><br><br><br><br><br><br><br><br><br><br><br><br><br><br><br><br><br><br><br><br><br><br><br><br><br><br><br><br><br><\/p>\n","protected":false},"excerpt":{"rendered":"<p>REDACCI\u00d3N\/VOCESVER.COM\/NOTICIAS Jamapa.Ver.- a 20 de Enero 2022.- Nuestro alcalde V\u00edctor Morales, recibe representantes de diferentes comunidades de Jamapa como lo<\/p>\n","protected":false},"author":2,"featured_media":33038,"comment_status":"open","ping_status":"open","sticky":false,"template":"","format":"standard","meta":{"colormag_page_container_layout":"default_layout","colormag_page_sidebar_layout":"default_layout","footnotes":""},"categories":[2],"tags":[],"class_list":["post-33030","post","type-post","status-publish","format-standard","has-post-thumbnail","hentry","category-infogral"],"_links":{"self":[{"href":"http:\/\/vocesver.com\/noticias\/wp-json\/wp\/v2\/posts\/33030","targetHints":{"allow":["GET"]}}],"collection":[{"href":"http:\/\/vocesver.com\/noticias\/wp-json\/wp\/v2\/posts"}],"about":[{"href":"http:\/\/vocesver.com\/noticias\/wp-json\/wp\/v2\/types\/post"}],"author":[{"embeddable":true,"href":"http:\/\/vocesver.com\/noticias\/wp-json\/wp\/v2\/users\/2"}],"replies":[{"embeddable":true,"href":"http:\/\/vocesver.com\/noticias\/wp-json\/wp\/v2\/comments?post=33030"}],"version-history":[{"count":2,"href":"http:\/\/vocesver.com\/noticias\/wp-json\/wp\/v2\/posts\/33030\/revisions"}],"predecessor-version":[{"id":33037,"href":"http:\/\/vocesver.com\/noticias\/wp-json\/wp\/v2\/posts\/33030\/revisions\/33037"}],"wp:featuredmedia":[{"embeddable":true,"href":"http:\/\/vocesver.com\/noticias\/wp-json\/wp\/v2\/media\/33038"}],"wp:attachment":[{"href":"http:\/\/vocesver.com\/noticias\/wp-json\/wp\/v2\/media?parent=33030"}],"wp:term":[{"taxonomy":"category","embeddable":true,"href":"http:\/\/vocesver.com\/noticias\/wp-json\/wp\/v2\/categories?post=33030"},{"taxonomy":"post_tag","embeddable":true,"href":"http:\/\/vocesver.com\/noticias\/wp-json\/wp\/v2\/tags?post=33030"}],"curies":[{"name":"wp","href":"https:\/\/api.w.org\/{rel}","templated":true}]}}