{"id":33026,"date":"2022-01-20T19:42:34","date_gmt":"2022-01-20T19:42:34","guid":{"rendered":"http:\/\/vocesver.com\/noticias\/?p=33026"},"modified":"2022-01-20T19:56:10","modified_gmt":"2022-01-20T19:56:10","slug":"mas-oportunidades-para-jamapa-banco-bienestar","status":"publish","type":"post","link":"http:\/\/vocesver.com\/noticias\/mas-oportunidades-para-jamapa-banco-bienestar\/","title":{"rendered":"M\u00e1s oportunidades para Jamapa- Banco Bienestar"},"content":{"rendered":"\n<p><\/p>\n\n\n\n<p><\/p>\n\n\n\n<p>REDACCI\u00d3N\/VOCESVER.COM\/NOTICIAS<br><br>Jamapa,Ver.- a  20 de Enero 2022.- Luego de una larga pl\u00e1tica con la representante de los bancos de la Instituci\u00f3n financiera \u2013 Bienestar. Ang\u00e9lica Trujillo y representante de la Sedena, concluyeron la gran oportunidad que permite para todas las comunidades de Jamapa, tener una sucursal de dicha instituci\u00f3n bancaria, donde ofrecen Programas de ahorro para la vivienda, micro-seguros de vida, pago de servicios como tel\u00e9fono, luz y agua.<br><br>V\u00edctor Morales recorri\u00f3 algunas manzanas con los representantes y mostro donde podr\u00eda ser ubicado dicho banco y tener el mejor acceso para realizaci\u00f3n de tr\u00e1mites a las personas interesadas. Cabe destacar que solo en la cabecera municipal cuenta con una sucursal bancaria.<br><br><br><br><br><br><\/p>\n\n\n\n<p><\/p>\n\n\n\n<p><br><br><br><br><br><br><br><br><br><br><br><br><br><\/p>\n\n\n\n<p>M\u00e1s oportunidades para Jamapa- Banco Bienestar<\/p>\n\n\n\n<p><br><br><br><br><br><br><br><br><br><br><\/p>\n","protected":false},"excerpt":{"rendered":"<p>REDACCI\u00d3N\/VOCESVER.COM\/NOTICIAS Jamapa,Ver.- a 20 de Enero 2022.- Luego de una larga pl\u00e1tica con la representante de los bancos de la<\/p>\n","protected":false},"author":2,"featured_media":33034,"comment_status":"open","ping_status":"open","sticky":false,"template":"","format":"standard","meta":{"colormag_page_container_layout":"default_layout","colormag_page_sidebar_layout":"default_layout","footnotes":""},"categories":[2],"tags":[],"class_list":["post-33026","post","type-post","status-publish","format-standard","has-post-thumbnail","hentry","category-infogral"],"_links":{"self":[{"href":"http:\/\/vocesver.com\/noticias\/wp-json\/wp\/v2\/posts\/33026","targetHints":{"allow":["GET"]}}],"collection":[{"href":"http:\/\/vocesver.com\/noticias\/wp-json\/wp\/v2\/posts"}],"about":[{"href":"http:\/\/vocesver.com\/noticias\/wp-json\/wp\/v2\/types\/post"}],"author":[{"embeddable":true,"href":"http:\/\/vocesver.com\/noticias\/wp-json\/wp\/v2\/users\/2"}],"replies":[{"embeddable":true,"href":"http:\/\/vocesver.com\/noticias\/wp-json\/wp\/v2\/comments?post=33026"}],"version-history":[{"count":3,"href":"http:\/\/vocesver.com\/noticias\/wp-json\/wp\/v2\/posts\/33026\/revisions"}],"predecessor-version":[{"id":33033,"href":"http:\/\/vocesver.com\/noticias\/wp-json\/wp\/v2\/posts\/33026\/revisions\/33033"}],"wp:featuredmedia":[{"embeddable":true,"href":"http:\/\/vocesver.com\/noticias\/wp-json\/wp\/v2\/media\/33034"}],"wp:attachment":[{"href":"http:\/\/vocesver.com\/noticias\/wp-json\/wp\/v2\/media?parent=33026"}],"wp:term":[{"taxonomy":"category","embeddable":true,"href":"http:\/\/vocesver.com\/noticias\/wp-json\/wp\/v2\/categories?post=33026"},{"taxonomy":"post_tag","embeddable":true,"href":"http:\/\/vocesver.com\/noticias\/wp-json\/wp\/v2\/tags?post=33026"}],"curies":[{"name":"wp","href":"https:\/\/api.w.org\/{rel}","templated":true}]}}