{"id":33021,"date":"2022-01-20T19:34:37","date_gmt":"2022-01-20T19:34:37","guid":{"rendered":"http:\/\/vocesver.com\/noticias\/?p=33021"},"modified":"2022-01-20T19:36:41","modified_gmt":"2022-01-20T19:36:41","slug":"diputada-veracruzana-crea-casa-de-atencion","status":"publish","type":"post","link":"http:\/\/vocesver.com\/noticias\/diputada-veracruzana-crea-casa-de-atencion\/","title":{"rendered":"Diputada veracruzana crea casa de atenci\u00f3n"},"content":{"rendered":"\n<p><br><br><br>Rosa Mar\u00eda Hern\u00e1ndez espejo ejemplo de legisladora, regresa al pueblo para ayudar a los m\u00e1s necesitados.<br><br>REDACCI\u00d3N\/VOESVER.COM\/NOTIICIAS<br><br>Veracruz,Ver.&#8212;Recuerda que #LaCasaDelPueblo es un espacio para todos los ciudadanos que requieran de asesor\u00eda jur\u00eddica, atenci\u00f3n m\u00e9dica, atenci\u00f3n a la poblaci\u00f3n LGBTIQ+; servicio de optometr\u00eda, fisioterapia y seguimiento a diversas gestiones. Tenemos las puertas abiertas para todo los ciudadanos sin distingo alguno. \u00a1Ac\u00e9rcate! Nos encontramos en Esteban Morales esq. Madero. Centro de la Ciudad de Veracruz.<br><br><br><br><br><br><br><br><br><br><br><br><br><br><br><br><br><br><br><br><br><br><br><br><br><br><\/p>\n","protected":false},"excerpt":{"rendered":"<p>Rosa Mar\u00eda Hern\u00e1ndez espejo ejemplo de legisladora, regresa al pueblo para ayudar a los m\u00e1s necesitados. REDACCI\u00d3N\/VOESVER.COM\/NOTIICIAS Veracruz,Ver.&#8212;Recuerda que #LaCasaDelPueblo<\/p>\n","protected":false},"author":2,"featured_media":33028,"comment_status":"open","ping_status":"open","sticky":false,"template":"","format":"standard","meta":{"colormag_page_container_layout":"default_layout","colormag_page_sidebar_layout":"default_layout","footnotes":""},"categories":[2],"tags":[],"class_list":["post-33021","post","type-post","status-publish","format-standard","has-post-thumbnail","hentry","category-infogral"],"_links":{"self":[{"href":"http:\/\/vocesver.com\/noticias\/wp-json\/wp\/v2\/posts\/33021","targetHints":{"allow":["GET"]}}],"collection":[{"href":"http:\/\/vocesver.com\/noticias\/wp-json\/wp\/v2\/posts"}],"about":[{"href":"http:\/\/vocesver.com\/noticias\/wp-json\/wp\/v2\/types\/post"}],"author":[{"embeddable":true,"href":"http:\/\/vocesver.com\/noticias\/wp-json\/wp\/v2\/users\/2"}],"replies":[{"embeddable":true,"href":"http:\/\/vocesver.com\/noticias\/wp-json\/wp\/v2\/comments?post=33021"}],"version-history":[{"count":2,"href":"http:\/\/vocesver.com\/noticias\/wp-json\/wp\/v2\/posts\/33021\/revisions"}],"predecessor-version":[{"id":33027,"href":"http:\/\/vocesver.com\/noticias\/wp-json\/wp\/v2\/posts\/33021\/revisions\/33027"}],"wp:featuredmedia":[{"embeddable":true,"href":"http:\/\/vocesver.com\/noticias\/wp-json\/wp\/v2\/media\/33028"}],"wp:attachment":[{"href":"http:\/\/vocesver.com\/noticias\/wp-json\/wp\/v2\/media?parent=33021"}],"wp:term":[{"taxonomy":"category","embeddable":true,"href":"http:\/\/vocesver.com\/noticias\/wp-json\/wp\/v2\/categories?post=33021"},{"taxonomy":"post_tag","embeddable":true,"href":"http:\/\/vocesver.com\/noticias\/wp-json\/wp\/v2\/tags?post=33021"}],"curies":[{"name":"wp","href":"https:\/\/api.w.org\/{rel}","templated":true}]}}