{"id":33016,"date":"2022-01-20T19:29:08","date_gmt":"2022-01-20T19:29:08","guid":{"rendered":"http:\/\/vocesver.com\/noticias\/?p=33016"},"modified":"2022-01-20T19:30:57","modified_gmt":"2022-01-20T19:30:57","slug":"ine-debe-validar-las-firmas-de-los-ciudadanos-de-veracruz-que-respaldan-la-consulta-de-mandato-ramirez-zepeta","status":"publish","type":"post","link":"http:\/\/vocesver.com\/noticias\/ine-debe-validar-las-firmas-de-los-ciudadanos-de-veracruz-que-respaldan-la-consulta-de-mandato-ramirez-zepeta\/","title":{"rendered":"INE debe validar las firmas de los ciudadanos de Veracruz que respaldan  la consulta de mandato: Ram\u00edrez Zepeta"},"content":{"rendered":"\n<p>REDACCI\u00d3N\/VOCESVER.COM\/NOTICIAS<br> <br>Xalapa, Ver., 20de enero de 2022.- El Instituto Nacional Electoral (INE) debe hacer valer la participaci\u00f3n de los veracruzanos a la democracia participativa validando todas las firmas que el estado entreg\u00f3 para la consulta de mandato del Presidente, expres\u00f3 el Delegado Estatal en funciones de Presidente del Movimiento de Regeneraci\u00f3n Nacional (Morena) en Veracruz, Esteban Ram\u00edrez Zepeta.<br><br>\u201cNo es posible que el INE, que nos cuesta a las y los mexicanos mucho dinero y que es el \u00f3rgano electoral m\u00e1s caro de Am\u00e9rica Latina, no quiera validar todas las firmas de Veracruz, que fue uno de los estados que m\u00e1s aport\u00f3 a este ejercicio. Tiene un dispendio enorme en comidas, vi\u00e1ticos y altos salarios, recursos que deber\u00eda invertir en garantizar este derecho de las y los mexicanos\u201d, coment\u00f3.<br><br>El dirigente de Morena denunci\u00f3 que, aunque Veracruz ya est\u00e1 entre los estados validados por el INE,  a\u00fan no se ven reflejadas todas las firmas. \u201cEl INE est\u00e1 obligado a validar las firmas de las y los veracruzanos para dar certeza a este ejercicio y hacer valer la participaci\u00f3n de los ciudadanos que est\u00e1n solicitando este derecho\u201d, se\u00f1al\u00f3.<br><br>Record\u00f3 que este ejercicio de democracia directa tuvo un gran apoyo de las y los veracruzanos, con m\u00e1s de un mill\u00f3n de firmas entregadas por Veracruz, superando el requisito de 176 mil 257 firmas que ped\u00eda el INE a la entidad, equivalente al tres por ciento de la lista nominal.<br><br>\u201cEstamos pidiendo que se cuenten todas las firmas que se mandaron por parte de las organizaciones ciudadanas. Todos tenemos el derecho de que nos tomen en cuenta\u201d, dijo. Por ello, exhort\u00f3 al organismo electoral a validar la participaci\u00f3n ciudadana de Veracruz y que se respete la voluntad popular cumpliendo con la ley.<br><br><br><br><br><br><br><br><br><br><br><br><br><br><br><br><br><br><br><br><br><br><br><br><br><br><br><br><br><br><\/p>\n","protected":false},"excerpt":{"rendered":"<p>REDACCI\u00d3N\/VOCESVER.COM\/NOTICIAS Xalapa, Ver., 20de enero de 2022.- El Instituto Nacional Electoral (INE) debe hacer valer la participaci\u00f3n de los veracruzanos<\/p>\n","protected":false},"author":2,"featured_media":33024,"comment_status":"open","ping_status":"open","sticky":false,"template":"","format":"standard","meta":{"colormag_page_container_layout":"default_layout","colormag_page_sidebar_layout":"default_layout","footnotes":""},"categories":[4],"tags":[],"class_list":["post-33016","post","type-post","status-publish","format-standard","has-post-thumbnail","hentry","category-estatal"],"_links":{"self":[{"href":"http:\/\/vocesver.com\/noticias\/wp-json\/wp\/v2\/posts\/33016","targetHints":{"allow":["GET"]}}],"collection":[{"href":"http:\/\/vocesver.com\/noticias\/wp-json\/wp\/v2\/posts"}],"about":[{"href":"http:\/\/vocesver.com\/noticias\/wp-json\/wp\/v2\/types\/post"}],"author":[{"embeddable":true,"href":"http:\/\/vocesver.com\/noticias\/wp-json\/wp\/v2\/users\/2"}],"replies":[{"embeddable":true,"href":"http:\/\/vocesver.com\/noticias\/wp-json\/wp\/v2\/comments?post=33016"}],"version-history":[{"count":2,"href":"http:\/\/vocesver.com\/noticias\/wp-json\/wp\/v2\/posts\/33016\/revisions"}],"predecessor-version":[{"id":33022,"href":"http:\/\/vocesver.com\/noticias\/wp-json\/wp\/v2\/posts\/33016\/revisions\/33022"}],"wp:featuredmedia":[{"embeddable":true,"href":"http:\/\/vocesver.com\/noticias\/wp-json\/wp\/v2\/media\/33024"}],"wp:attachment":[{"href":"http:\/\/vocesver.com\/noticias\/wp-json\/wp\/v2\/media?parent=33016"}],"wp:term":[{"taxonomy":"category","embeddable":true,"href":"http:\/\/vocesver.com\/noticias\/wp-json\/wp\/v2\/categories?post=33016"},{"taxonomy":"post_tag","embeddable":true,"href":"http:\/\/vocesver.com\/noticias\/wp-json\/wp\/v2\/tags?post=33016"}],"curies":[{"name":"wp","href":"https:\/\/api.w.org\/{rel}","templated":true}]}}