{"id":33008,"date":"2022-01-19T16:25:55","date_gmt":"2022-01-19T16:25:55","guid":{"rendered":"http:\/\/vocesver.com\/noticias\/?p=33008"},"modified":"2022-01-19T16:27:31","modified_gmt":"2022-01-19T16:27:31","slug":"de-nuevo-japon-reimpone-restricciones-sanitarias-por-brote-de-variante-omicron","status":"publish","type":"post","link":"http:\/\/vocesver.com\/noticias\/de-nuevo-japon-reimpone-restricciones-sanitarias-por-brote-de-variante-omicron\/","title":{"rendered":"De nuevo: Jap\u00f3n reimpone restricciones sanitarias por brote de variante \u00d3micron"},"content":{"rendered":"\n<p><br><br>Jap\u00f3n ha sido menos golpeado por el coronavirus que otros pa\u00edses. Foto: Reuters<br><br><br><br><br>REDACCI\u00d3N\/VOCESVER.COM\/NOTICIAS<br><br>INTERNACIONAL.A 19 DE  ENERO 2022..DE ACUERDO CON INFORMACI\u00d3N DE  AGENCIA\/JAPON&#8230;.Jap\u00f3n aprob\u00f3 el mi\u00e9rcoles nuevas restricciones sanitarias para gran parte del pa\u00eds, incluyendo a Tokio, para contener un brote del coronavirus impulsado por la variante \u00d3micron.<br><br><br>Las restricciones en 13 regiones, dirigidas especialmente a sitios nocturnos, son bastante menos estrictas que un confinamiento y estar\u00e1n vigentes desde el viernes hasta mediados de febrero.<br><br>Medidas para frenar brote de \u00d3micron en Jap\u00f3n<br><br>La resoluci\u00f3n del gobierno central permite que cada regi\u00f3n decida qu\u00e9 medidas espec\u00edficas adoptar. La mayor\u00eda de las regiones urgieron a los bares y restaurantes a acortar sus horas de apertura o suspender la venta de bebidas alcoh\u00f3licas.<br><br>TE PUEDE INTERESAR: Nuevo r\u00e9cord: M\u00e9xico casi llega a 50 mil contagios COVID-19 en 24 horas; ve estados con m\u00e1s casos<br><br><br>El primer ministro Fumio Kishida explic\u00f3 que el gobierno busca estar \u201ctotalmente preparado\u201d en la lucha contra la m\u00e1s reciente ola de COVID-19.<br><br><br>\u201cTrabajaremos en coordinaci\u00f3n estrecha con los gobiernos regionales\u201d, dijo Kishida al anunciar las medidas en una reuni\u00f3n del grupo de trabajo encargado de luchar contra el virus.<br><br>\u201cCon evaluaciones cient\u00edficas de expertos, la cooperaci\u00f3n de trabajadores m\u00e9dicos y, sobre todo, la cooperaci\u00f3n de la poblaci\u00f3n japonesa superaremos esta situaci\u00f3n\u201d, agreg\u00f3.<br><br>La contagiosa variante \u00d3micron provoc\u00f3 un resurgimiento del coronavirus en Jap\u00f3n, con m\u00e1s de 30 mil casos diarios por primera vez desde el inicio de la pandemia.<br><br>Jap\u00f3n y el COVID-19<br>Jap\u00f3n ha sido menos golpeado por el coronavirus que otros pa\u00edses, pero las autoridades y los expertos temen que un aumento en los contagios presione al sistema de salud del pa\u00eds.<br><br>Tres regiones japonesas ya enfrentan restricciones por el virus tras el aumento de casos asociados a las bases militares estadounidenses.<br><br>M\u00e1s de 78% de la poblaci\u00f3n japonesa tiene la vacunaci\u00f3n completa, pero solo 1.2% ha recibido la dosis de refuerzo.<br><br><br><br><br>INF. DE AGENCIA\/JAPON&#8230;..<br><br><br><br><br><br><br><br><br><br><br><br><br><br><br><br><br><br><br><br><br><br><br><br><br><br><br><\/p>\n","protected":false},"excerpt":{"rendered":"<p>Jap\u00f3n ha sido menos golpeado por el coronavirus que otros pa\u00edses. Foto: Reuters REDACCI\u00d3N\/VOCESVER.COM\/NOTICIAS INTERNACIONAL.A 19 DE ENERO 2022..DE ACUERDO<\/p>\n","protected":false},"author":2,"featured_media":33014,"comment_status":"open","ping_status":"open","sticky":false,"template":"","format":"standard","meta":{"colormag_page_container_layout":"default_layout","colormag_page_sidebar_layout":"default_layout","footnotes":""},"categories":[6],"tags":[],"class_list":["post-33008","post","type-post","status-publish","format-standard","has-post-thumbnail","hentry","category-internacional"],"_links":{"self":[{"href":"http:\/\/vocesver.com\/noticias\/wp-json\/wp\/v2\/posts\/33008","targetHints":{"allow":["GET"]}}],"collection":[{"href":"http:\/\/vocesver.com\/noticias\/wp-json\/wp\/v2\/posts"}],"about":[{"href":"http:\/\/vocesver.com\/noticias\/wp-json\/wp\/v2\/types\/post"}],"author":[{"embeddable":true,"href":"http:\/\/vocesver.com\/noticias\/wp-json\/wp\/v2\/users\/2"}],"replies":[{"embeddable":true,"href":"http:\/\/vocesver.com\/noticias\/wp-json\/wp\/v2\/comments?post=33008"}],"version-history":[{"count":2,"href":"http:\/\/vocesver.com\/noticias\/wp-json\/wp\/v2\/posts\/33008\/revisions"}],"predecessor-version":[{"id":33013,"href":"http:\/\/vocesver.com\/noticias\/wp-json\/wp\/v2\/posts\/33008\/revisions\/33013"}],"wp:featuredmedia":[{"embeddable":true,"href":"http:\/\/vocesver.com\/noticias\/wp-json\/wp\/v2\/media\/33014"}],"wp:attachment":[{"href":"http:\/\/vocesver.com\/noticias\/wp-json\/wp\/v2\/media?parent=33008"}],"wp:term":[{"taxonomy":"category","embeddable":true,"href":"http:\/\/vocesver.com\/noticias\/wp-json\/wp\/v2\/categories?post=33008"},{"taxonomy":"post_tag","embeddable":true,"href":"http:\/\/vocesver.com\/noticias\/wp-json\/wp\/v2\/tags?post=33008"}],"curies":[{"name":"wp","href":"https:\/\/api.w.org\/{rel}","templated":true}]}}