{"id":32998,"date":"2022-01-19T01:21:58","date_gmt":"2022-01-19T01:21:58","guid":{"rendered":"http:\/\/vocesver.com\/noticias\/?p=32998"},"modified":"2022-01-19T01:23:28","modified_gmt":"2022-01-19T01:23:28","slug":"pide-prd-al-gobierno-estatal-no-meter-las-manos-a-elecciones-municipales-extraordinarias","status":"publish","type":"post","link":"http:\/\/vocesver.com\/noticias\/pide-prd-al-gobierno-estatal-no-meter-las-manos-a-elecciones-municipales-extraordinarias\/","title":{"rendered":"Pide PRD al gobierno estatal no meter las manos a elecciones municipales extraordinarias"},"content":{"rendered":"\n<p>Ya que de hacerlo prev\u00e9 que se genere un \u201cpolvor\u00edn\u201d<br><br>REDACCI\u00d3N\/VOCESVER.COM\/NOTICIAS<br><br><br>Xalapa Ver., 18 de enero de 2022. En entrevista, el dirigente estatal del Partido de la Revoluci\u00f3n Democr\u00e1tica (PRD), Sergio Cadena Mart\u00ednez, pidi\u00f3 al gobierno del estado de Veracruz que no meta las manos en las pr\u00f3ximas elecciones municipales extraordinarias, ya que de hacerlo prev\u00e9 que se genere un \u201cpolvor\u00edn\u201d.<br><br>\u201cSon escenarios complicados, tan complicados que no en todos los municipios la gente quiere participar; d\u00f3nde vemos que podemos tener dificultades, en Carranza, ah\u00ed fue una confrontaci\u00f3n muy fuerte, entraron grupos delincuenciales, el gobierno con toda su maquinaria\u201d, por lo que pidi\u00f3 al gobierno que deje que los ciudadanos elijan a sus autoridades que los van a representar, que permita que el pueblo se exprese, ya sea por un partido o por otro\u201d, apunt\u00f3.<br><br>Cadena Mart\u00ednez plante\u00f3 que, si se permite que las elecciones sean pac\u00edficas y tranquilas, que cada quien vote y participe a favor de su favorito, se va a reconocer a quien gane y las nuevas autoridades municipales podr\u00e1n iniciar tranquilos y en paz, pero si el gobierno se entromete \u201cse pueden crear conflictos en esas regiones donde la gente se pone muy caliente\u201d.<br><br>Asimismo, pidi\u00f3 al Organismo P\u00fablico Local Electoral (OPLE) que se conduzca de manera profesional, \u201cque haga su papel responsable, de \u00e1rbitro neutral\u201d, porque consider\u00f3 que hubo muchas irregularidades en el pasado proceso, ya que los que estaban representando al OPLE llevaban la consigna de ayudar al partido en el gobierno, \u201clo que es un mal augurio, deja un mal presagio y espero que no se repita\u201d.<br><br>El l\u00edder partidista tambi\u00e9n expuso que analiza la posibilidad de ir en alianza, pues el OPLE permite que puedan ir en coalici\u00f3n o de manera individual, \u201cser\u00e1 de acuerdo a los intereses de cada partido pol\u00edtico, por lo que ya ha tenido reuniones con el dirigente estatal del PRI, para explorar el c\u00f3mo van a participar, \u201caunque no hemos aterrizado todav\u00eda nada\u201d.<br><br><br><br><br><br><br><br><br><br><br><br><br><br><br><br><br><br><br><br><br><br><br><br><br><br><br><br><br><br><br><br><br><\/p>\n","protected":false},"excerpt":{"rendered":"<p>Ya que de hacerlo prev\u00e9 que se genere un \u201cpolvor\u00edn\u201d REDACCI\u00d3N\/VOCESVER.COM\/NOTICIAS Xalapa Ver., 18 de enero de 2022. En entrevista,<\/p>\n","protected":false},"author":2,"featured_media":33006,"comment_status":"open","ping_status":"open","sticky":false,"template":"","format":"standard","meta":{"colormag_page_container_layout":"default_layout","colormag_page_sidebar_layout":"default_layout","footnotes":""},"categories":[4],"tags":[],"class_list":["post-32998","post","type-post","status-publish","format-standard","has-post-thumbnail","hentry","category-estatal"],"_links":{"self":[{"href":"http:\/\/vocesver.com\/noticias\/wp-json\/wp\/v2\/posts\/32998","targetHints":{"allow":["GET"]}}],"collection":[{"href":"http:\/\/vocesver.com\/noticias\/wp-json\/wp\/v2\/posts"}],"about":[{"href":"http:\/\/vocesver.com\/noticias\/wp-json\/wp\/v2\/types\/post"}],"author":[{"embeddable":true,"href":"http:\/\/vocesver.com\/noticias\/wp-json\/wp\/v2\/users\/2"}],"replies":[{"embeddable":true,"href":"http:\/\/vocesver.com\/noticias\/wp-json\/wp\/v2\/comments?post=32998"}],"version-history":[{"count":2,"href":"http:\/\/vocesver.com\/noticias\/wp-json\/wp\/v2\/posts\/32998\/revisions"}],"predecessor-version":[{"id":33005,"href":"http:\/\/vocesver.com\/noticias\/wp-json\/wp\/v2\/posts\/32998\/revisions\/33005"}],"wp:featuredmedia":[{"embeddable":true,"href":"http:\/\/vocesver.com\/noticias\/wp-json\/wp\/v2\/media\/33006"}],"wp:attachment":[{"href":"http:\/\/vocesver.com\/noticias\/wp-json\/wp\/v2\/media?parent=32998"}],"wp:term":[{"taxonomy":"category","embeddable":true,"href":"http:\/\/vocesver.com\/noticias\/wp-json\/wp\/v2\/categories?post=32998"},{"taxonomy":"post_tag","embeddable":true,"href":"http:\/\/vocesver.com\/noticias\/wp-json\/wp\/v2\/tags?post=32998"}],"curies":[{"name":"wp","href":"https:\/\/api.w.org\/{rel}","templated":true}]}}