{"id":32989,"date":"2022-01-19T00:56:14","date_gmt":"2022-01-19T00:56:14","guid":{"rendered":"http:\/\/vocesver.com\/noticias\/?p=32989"},"modified":"2022-01-19T01:00:27","modified_gmt":"2022-01-19T01:00:27","slug":"cambiaran-de-lugar-la-estatua-de-luis-el-pirata-fuente-gilberto-farias-morales","status":"publish","type":"post","link":"http:\/\/vocesver.com\/noticias\/cambiaran-de-lugar-la-estatua-de-luis-el-pirata-fuente-gilberto-farias-morales\/","title":{"rendered":"Cambiar\u00e1n de lugar la estatua de Luis \u00abEl Pirata\u00bb Fuente: Gilberto Far\u00edas Morales"},"content":{"rendered":"\n<p>Por;Pedro Mu\u00f1oz Zamudio<br><br>Gilberto Far\u00edas, presidente de la \u201cA.C. Veracruz Orgullo y Tradici\u00f3n\u201d asegura que nadie la ve**<br>La propuesta ser\u00e1 ponerla fuera de la explanada del estadio por la entrada principal frente a la avenida Paseo de las Flores**<br>Se cumpli\u00f3 el 108 natalicio del \u201cPirata\u201d que para muchos ha sido el mejor futbolista de la historia en M\u00e9xico<br><br><\/p>\n\n\n\n<p><\/p>\n\n\n\n<p>REDACCI\u00d3N\/VOCESVER.COM\/NOTICIAS<\/p>\n\n\n\n<p>Veracruz,Ver.- a 18 de Enero 2022.&#8212;-El abogado, Doctor Honoris Causa, Gilberto Far\u00edas Morales, presidente de la \u201cA.C. Veracruz Orgullo y Tradici\u00f3n\u201d y en su momento presidente del comit\u00e9 para la construcci\u00f3n de la estatua del \u201cPirata\u201d Fuente \u201cCon Alma de Pirata\u201d, asegur\u00f3 que se buscar\u00e1 cambiar de posici\u00f3n la estatua que se encuentra en la explanada del estadio de Futbol, obra que recordemos fue donada al Gobierno del Estado.<br><br>Ayer lunes 17 de enero el \u201cPirata\u201d Fuente cumpli\u00f3 108 a\u00f1os de su natalicio.<br><br>\u201cLamentablemente nos damos cuenta que la estatua que se hizo con todo el cari\u00f1o y reconocimiento al gran \u201cPirata\u201d Fuente est\u00e1 totalmente abandonada porque nadie puede entrar a esta zona del estadio donde se encuentra, por ello buscaremos la manera de moverla pero afuera de la explanada principal\u201d.<br><br>Inaugurada el 26 de julio del 2019 por el Gobernador Cuitl\u00e1huac Garc\u00eda Jim\u00e9nez, esta obra del escultor mexicano Bernardo Luis engalana la entrada principal a la explanada del estadio, pero lamentablemente tras la desaparici\u00f3n del equipo a finales de ese mismo 2019 todo qued\u00f3 en el olvido hasta la estatua.<br><br>\u201cSe trataba de que ese obra fuera vista por todos los ciudadanos y se cuidara, pero al perecer es todo lo contrario, est\u00e1 pr\u00e1cticamente abandonada y no hay manera de echarle mano porque es una zona cerrada, ya le faltan piezas de m\u00e1rmol a la base, la placa est\u00e1 totalmente borrada y la verdad es triste, porque se hizo con mucho cari\u00f1o y respeto para el m\u00e1s grande del futbol veracruzano y nacional, Antonio de la Fuente Varela, hijo del \u201cPirata\u201d siempre luch\u00f3 porque se hiciera y se logr\u00f3, \u00e9l estuvo en el comit\u00e9 desgraciadamente ya no la vio terminada porque falleci\u00f3 meses antes de su develaci\u00f3n\u201d, dijo el abogado Far\u00edas.<br><br>\u00bfD\u00f3nde se quiere mover?\u2026\u201dHaremos la gesti\u00f3n con el Gobierno del Estado y creemos que quedar\u00eda perfecta fuera de la explanada, en la entrada principal por la avenida Paseo las Flores, justo antes de entrar al estadio, ah\u00ed todos podr\u00e1n visitarla y apreciarla, es un punto que todos los miembros de la \u201cA.C. Veracruz Orgullo y Tradici\u00f3n\u201d estamos analizando y esa ser\u00eda la propuesta para el alcalde de Boca del R\u00edo Juan Manuel de Unanue que sabemos le gusta mucho el deporte\u201d.<br><br>Adem\u00e1s habr\u00e1 una petici\u00f3n m\u00e1s para el alcalde boque\u00f1o, hace dos a\u00f1os la misma AC envi\u00f3 una propuesta a la administraci\u00f3n anterior que encabezaba Humberto Morelli pero debido a la pandemia no hubo respuesta y ahora se tratar\u00e1 de retomar.<br><br>\u201cPropusimos que lo que ahora se llama avenida Paseo de las Flores en el fraccionamiento Virginia cambie de nombre al de avenida Luis de la Fuente y Hoyos, as\u00ed como la avenida Paseo Jard\u00edn del mismo fraccionamiento se cambie el nombre al de Roberto Avila Gonz\u00e1lez, el m\u00e1ximo beisbolista que ha dado Veracruz\u201d, ser\u00eda un gran homenaje para estos estupendos deportistas que pusieron en alto el nombre de la entidad y del pa\u00eds\u201d, recalco Gilberto Far\u00edas.<br><br><br><br><br><br><br><br><br><br><br><br><br><br><br><br><br><br><br><br><br><br><br><br><br><br><br><br><br><br><br><br><br><br><br><br><br><br><br><br><br><\/p>\n","protected":false},"excerpt":{"rendered":"<p>Por;Pedro Mu\u00f1oz Zamudio Gilberto Far\u00edas, presidente de la \u201cA.C. Veracruz Orgullo y Tradici\u00f3n\u201d asegura que nadie la ve**La propuesta ser\u00e1<\/p>\n","protected":false},"author":2,"featured_media":32996,"comment_status":"open","ping_status":"open","sticky":false,"template":"","format":"standard","meta":{"colormag_page_container_layout":"default_layout","colormag_page_sidebar_layout":"default_layout","footnotes":""},"categories":[2],"tags":[],"class_list":["post-32989","post","type-post","status-publish","format-standard","has-post-thumbnail","hentry","category-infogral"],"_links":{"self":[{"href":"http:\/\/vocesver.com\/noticias\/wp-json\/wp\/v2\/posts\/32989","targetHints":{"allow":["GET"]}}],"collection":[{"href":"http:\/\/vocesver.com\/noticias\/wp-json\/wp\/v2\/posts"}],"about":[{"href":"http:\/\/vocesver.com\/noticias\/wp-json\/wp\/v2\/types\/post"}],"author":[{"embeddable":true,"href":"http:\/\/vocesver.com\/noticias\/wp-json\/wp\/v2\/users\/2"}],"replies":[{"embeddable":true,"href":"http:\/\/vocesver.com\/noticias\/wp-json\/wp\/v2\/comments?post=32989"}],"version-history":[{"count":3,"href":"http:\/\/vocesver.com\/noticias\/wp-json\/wp\/v2\/posts\/32989\/revisions"}],"predecessor-version":[{"id":32995,"href":"http:\/\/vocesver.com\/noticias\/wp-json\/wp\/v2\/posts\/32989\/revisions\/32995"}],"wp:featuredmedia":[{"embeddable":true,"href":"http:\/\/vocesver.com\/noticias\/wp-json\/wp\/v2\/media\/32996"}],"wp:attachment":[{"href":"http:\/\/vocesver.com\/noticias\/wp-json\/wp\/v2\/media?parent=32989"}],"wp:term":[{"taxonomy":"category","embeddable":true,"href":"http:\/\/vocesver.com\/noticias\/wp-json\/wp\/v2\/categories?post=32989"},{"taxonomy":"post_tag","embeddable":true,"href":"http:\/\/vocesver.com\/noticias\/wp-json\/wp\/v2\/tags?post=32989"}],"curies":[{"name":"wp","href":"https:\/\/api.w.org\/{rel}","templated":true}]}}