{"id":32985,"date":"2022-01-19T00:45:43","date_gmt":"2022-01-19T00:45:43","guid":{"rendered":"http:\/\/vocesver.com\/noticias\/?p=32985"},"modified":"2022-01-19T00:47:30","modified_gmt":"2022-01-19T00:47:30","slug":"un-veracruz-igualitario-seguro-y-libre-para-las-mujeres-que-hemos-elegido-y-elegiran-servir-a-la-ciudadania-anilu-ingram","status":"publish","type":"post","link":"http:\/\/vocesver.com\/noticias\/un-veracruz-igualitario-seguro-y-libre-para-las-mujeres-que-hemos-elegido-y-elegiran-servir-a-la-ciudadania-anilu-ingram\/","title":{"rendered":"Un Veracruz igualitario, seguro y libre para las mujeres que hemos elegido y elegir\u00e1n servir a la ciudadan\u00eda: Anil\u00fa Ingram"},"content":{"rendered":"\n<p><br><br>La Coordinadora del Grupo Legislativo del PRI present\u00f3 iniciativa de reforma electoral que fue invalidada en pasado Congreso<br><br> AUSENCIO RIVERA\/VOCESVERA\/VOCESVER.COM\/NOTICIAS<br><br>Xalapa, Veracruz a 18 de enero de 2022.- A fin de que Veracruz cuente con un instrumento id\u00f3neo para hacer justicia electoral a la situaci\u00f3n de violencia que han vivido muchas mujeres en el \u00e1mbito pol\u00edtico y que les impide el acceso en condiciones de igualdad, la coordinadora del Grupo Legislativo del PRI, Anil\u00fa Ingram Vallines, present\u00f3 a nombre de sus compa\u00f1eros de bancada una iniciativa de reforma electoral.<br><br> <br><br>En ese sentido, la diputada local coment\u00f3 que esta reforma electoral respecto de la paridad y la violencia pol\u00edtica en raz\u00f3n de g\u00e9nero es un pelda\u00f1o m\u00e1s para contar con un Veracruz en donde las mujeres y los hombres con vocaci\u00f3n de servicio, sean considerados en igualdad de circunstancias, sin importar su g\u00e9nero.  <br><br> <br><br>\u201cHoy tenemos, en el poder de nuestro voto, lograr un Veracruz igualitario, seguro y libre para las mujeres que hemos elegido y elegir\u00e1n servir a la ciudadan\u00eda veracruzana\u201d, dijo y record\u00f3 que \u00e9sta ya hab\u00eda sido aprobada en la anterior Legislatura y fue incluso votada por los que se reeligieron; sin embargo, por omitir la Consulta Ind\u00edgena fue invalidada, ya que estaba inserta en la fallida Reforma Electoral.<br><br> <br><br>Anil\u00fa Ingram explic\u00f3 que la presente iniciativa contiene aportaciones muy espec\u00edficas que la hacen una reforma integral, completa y con gran alcance,  entre ellas: la que establece la obligaci\u00f3n del Organismo P\u00fablico Electoral de erradicar la violencia pol\u00edtica contra las mujeres en raz\u00f3n de g\u00e9nero, a trav\u00e9s de la instalaci\u00f3n de una Comisi\u00f3n de Igualdad de G\u00e9nero y No Discriminaci\u00f3n;  adem\u00e1s de contar con una conceptualizaci\u00f3n de la violencia pol\u00edtica contra en raz\u00f3n de g\u00e9nero homologada  a la establecida en la Ley de Acceso de las Mujeres a una Vida Libre de Violencia.  <br><br> <br><br>Asimismo, estipula que quienes aspiren a puestos de elecci\u00f3n popular NO cuenten con antecedentes de violencia pol\u00edtica; esto es fundamental para evitar que violentadores sean diputados, alcaldes o gobernadores; adem\u00e1s que considera lo referente a la declaratoria \u201c3 de 3 contra la violencia de g\u00e9nero\u201d. Y una aportaci\u00f3n que consider\u00f3 es la gran diferencia, es que se incorporan medidas cautelares, a fin de garantizar la vida y la libertad de las mujeres contendientes.<br><br> <br><br>\u201cEstando en San L\u00e1zaro me toc\u00f3 votar el contexto jur\u00eddico que contiene mecanismos y procedimientos a seguir para prevenir, erradicar y sancionar la violencia pol\u00edtica contra las mujeres por raz\u00f3n de g\u00e9nero en todas sus formas y modalidades, con la finalidad de contar con un conjunto de herramientas que erradicaran o por lo menos disminuyeran este tipo de violencia de g\u00e9nero; desgraciadamente los hechos nos revelan que no hubo tal disminuci\u00f3n\u201d, lament\u00f3.<br><br> <br><br>Por lo anterior consider\u00f3 que resulta imperativo que esta Legislatura del Estado lleve a cabo el proceso de armonizaci\u00f3n legislativa en el C\u00f3digo Electoral de Veracruz, a fin de que las instituciones electorales, pongan en marcha todo el andamiaje jur\u00eddico para garantizar a todas y todos los actores pol\u00edticos y, en particular, a nosotras las mujeres veracruzanas, una contienda paritaria y libre de violencia pol\u00edtica en raz\u00f3n de g\u00e9nero.<br><br><br><br><br><br><br><br><br><br><br><br><br><br><br><br><br><br><br><br><br><br><br><br><br><br><br><br><br><br><br><br><br><br><br><br><br><br><br><br><br><br><br><br><br><br><\/p>\n","protected":false},"excerpt":{"rendered":"<p>La Coordinadora del Grupo Legislativo del PRI present\u00f3 iniciativa de reforma electoral que fue invalidada en pasado Congreso AUSENCIO RIVERA\/VOCESVERA\/VOCESVER.COM\/NOTICIAS<\/p>\n","protected":false},"author":2,"featured_media":32991,"comment_status":"open","ping_status":"open","sticky":false,"template":"","format":"standard","meta":{"colormag_page_container_layout":"default_layout","colormag_page_sidebar_layout":"default_layout","footnotes":""},"categories":[4],"tags":[],"class_list":["post-32985","post","type-post","status-publish","format-standard","has-post-thumbnail","hentry","category-estatal"],"_links":{"self":[{"href":"http:\/\/vocesver.com\/noticias\/wp-json\/wp\/v2\/posts\/32985","targetHints":{"allow":["GET"]}}],"collection":[{"href":"http:\/\/vocesver.com\/noticias\/wp-json\/wp\/v2\/posts"}],"about":[{"href":"http:\/\/vocesver.com\/noticias\/wp-json\/wp\/v2\/types\/post"}],"author":[{"embeddable":true,"href":"http:\/\/vocesver.com\/noticias\/wp-json\/wp\/v2\/users\/2"}],"replies":[{"embeddable":true,"href":"http:\/\/vocesver.com\/noticias\/wp-json\/wp\/v2\/comments?post=32985"}],"version-history":[{"count":2,"href":"http:\/\/vocesver.com\/noticias\/wp-json\/wp\/v2\/posts\/32985\/revisions"}],"predecessor-version":[{"id":32990,"href":"http:\/\/vocesver.com\/noticias\/wp-json\/wp\/v2\/posts\/32985\/revisions\/32990"}],"wp:featuredmedia":[{"embeddable":true,"href":"http:\/\/vocesver.com\/noticias\/wp-json\/wp\/v2\/media\/32991"}],"wp:attachment":[{"href":"http:\/\/vocesver.com\/noticias\/wp-json\/wp\/v2\/media?parent=32985"}],"wp:term":[{"taxonomy":"category","embeddable":true,"href":"http:\/\/vocesver.com\/noticias\/wp-json\/wp\/v2\/categories?post=32985"},{"taxonomy":"post_tag","embeddable":true,"href":"http:\/\/vocesver.com\/noticias\/wp-json\/wp\/v2\/tags?post=32985"}],"curies":[{"name":"wp","href":"https:\/\/api.w.org\/{rel}","templated":true}]}}