{"id":32981,"date":"2022-01-18T17:21:44","date_gmt":"2022-01-18T17:21:44","guid":{"rendered":"http:\/\/vocesver.com\/noticias\/?p=32981"},"modified":"2022-01-18T17:22:32","modified_gmt":"2022-01-18T17:22:32","slug":"unam-analiza-si-alumnos-regresan-o-no-a-clases-presenciales","status":"publish","type":"post","link":"http:\/\/vocesver.com\/noticias\/unam-analiza-si-alumnos-regresan-o-no-a-clases-presenciales\/","title":{"rendered":"UNAM analiza si alumnos regresan o no a clases presenciales"},"content":{"rendered":"\n<p>Ser\u00e1 el pr\u00f3ximo lunes 24 de enero cuando la UNAM informe a su comunidad sobre las medidas adicionales. Foto: Cuartoscuro<br><br><br><br>REDACCI\u00d3N\/VOCESVER.COM\/NOTICIAS<br><br><br>NACIONAL.- A 18 DE ENERO 2022.- De acuerdo con informaci\u00f3n de UNOTV&#8230;.La Universidad Nacional Aut\u00f3noma de M\u00e9xico (UNAM) emiti\u00f3 un comunicado este martes donde dio a conocer si las clases del plan semestral seguir\u00e1n de forma presencial o h\u00edbridas, tambi\u00e9n asegur\u00f3 que ha estado atenta a la evoluci\u00f3n de la epidemia que en los \u00faltimos d\u00edas entr\u00f3 a una cuarta ola de contagio.<br><br><br>#Bolet\u00ednUNAM La UNAM informa &gt; https:\/\/t.co\/rBRmX7738T#Vac\u00fanateYPonte<br><br>&#x1f637;pic.twitter.com\/vOzi2sNPyh<br><br>\u2014 UNAM (@UNAM_MX) January 18, 2022<br>\u00bfQu\u00e9 pasa si ya tengo la modalidad presencial o h\u00edbrida?<br>La m\u00e1xima casa de estudios se\u00f1al\u00f3 que, con base en la informaci\u00f3n disponible, particularmente a los indicadores del sem\u00e1foro epidemiol\u00f3gico, se ha determinado que las actividades que ya se encontraban habilitadas en la modalidad presencial sigan as\u00ed.<br><br>Medidas sanitarias de UNAM en clases presenciales<br><br>La universidad llam\u00f3 a seguir los siguientes protocolos:<br><br>Respetar los aforos autorizados<br>Uso del cubrebocas<br>Al mismo tiempo se exhorta al alumnado, as\u00ed como al personal acad\u00e9mico y administrativo que presente s\u00edntomas de contagio, a permanecer en sus casas y atender las indicaciones de las autoridades de salud.<br><br><br>TE PUEDE INTERESAR: Suma ya 132: UNAM estrena esta nueva carrera<br><br><br>Entonces, \u00bfalumnos regresan o no a planteles?<br>Ser\u00e1 el pr\u00f3ximo lunes 24 de enero, una vez que se haya evaluado la situaci\u00f3n sanitaria imperante en ese momento, cuando la UNAM informe a su comunidad sobre las medidas adicionales que tomar\u00e1 ante el inicio del semestre 2022-2 (el 31 de enero) y la modalidad en la que se reiniciar\u00e1n las clases.<br><br>La universidad refrenda su convicci\u00f3n de que volver a las actividades presenciales es un asunto de la mayor importancia, por lo que \u00e9stas deber\u00e1n quedar plenamente normalizadas en el semestre que est\u00e1 pr\u00f3ximo a iniciarse, conforme la evoluci\u00f3n de la pandemia lo permita.<br><br>Del mismo modo, la UNAM reiter\u00f3 que se mantiene atenta a la evoluci\u00f3n de los indicadores y a los anuncios de las autoridades sanitarias.<br><br><br><br><br>INF. DE UNOTV.COM&#8230;..<br><br><br><br><br><br><br><br><br><br><br><br><br><br><br><br><br><br><br><br><br><br><br><br><br><br><br><br><\/p>\n","protected":false},"excerpt":{"rendered":"<p>Ser\u00e1 el pr\u00f3ximo lunes 24 de enero cuando la UNAM informe a su comunidad sobre las medidas adicionales. Foto: Cuartoscuro<\/p>\n","protected":false},"author":2,"featured_media":32987,"comment_status":"open","ping_status":"open","sticky":false,"template":"","format":"standard","meta":{"colormag_page_container_layout":"default_layout","colormag_page_sidebar_layout":"default_layout","footnotes":""},"categories":[5],"tags":[],"class_list":["post-32981","post","type-post","status-publish","format-standard","has-post-thumbnail","hentry","category-nacional"],"_links":{"self":[{"href":"http:\/\/vocesver.com\/noticias\/wp-json\/wp\/v2\/posts\/32981","targetHints":{"allow":["GET"]}}],"collection":[{"href":"http:\/\/vocesver.com\/noticias\/wp-json\/wp\/v2\/posts"}],"about":[{"href":"http:\/\/vocesver.com\/noticias\/wp-json\/wp\/v2\/types\/post"}],"author":[{"embeddable":true,"href":"http:\/\/vocesver.com\/noticias\/wp-json\/wp\/v2\/users\/2"}],"replies":[{"embeddable":true,"href":"http:\/\/vocesver.com\/noticias\/wp-json\/wp\/v2\/comments?post=32981"}],"version-history":[{"count":2,"href":"http:\/\/vocesver.com\/noticias\/wp-json\/wp\/v2\/posts\/32981\/revisions"}],"predecessor-version":[{"id":32986,"href":"http:\/\/vocesver.com\/noticias\/wp-json\/wp\/v2\/posts\/32981\/revisions\/32986"}],"wp:featuredmedia":[{"embeddable":true,"href":"http:\/\/vocesver.com\/noticias\/wp-json\/wp\/v2\/media\/32987"}],"wp:attachment":[{"href":"http:\/\/vocesver.com\/noticias\/wp-json\/wp\/v2\/media?parent=32981"}],"wp:term":[{"taxonomy":"category","embeddable":true,"href":"http:\/\/vocesver.com\/noticias\/wp-json\/wp\/v2\/categories?post=32981"},{"taxonomy":"post_tag","embeddable":true,"href":"http:\/\/vocesver.com\/noticias\/wp-json\/wp\/v2\/tags?post=32981"}],"curies":[{"name":"wp","href":"https:\/\/api.w.org\/{rel}","templated":true}]}}