{"id":32976,"date":"2022-01-18T16:59:42","date_gmt":"2022-01-18T16:59:42","guid":{"rendered":"http:\/\/vocesver.com\/noticias\/?p=32976"},"modified":"2022-01-18T17:00:41","modified_gmt":"2022-01-18T17:00:41","slug":"al-menos-65-de-cada-100-hospitalizados-por-covid-no-estaban-vacunados-salud","status":"publish","type":"post","link":"http:\/\/vocesver.com\/noticias\/al-menos-65-de-cada-100-hospitalizados-por-covid-no-estaban-vacunados-salud\/","title":{"rendered":"Al menos 65 de cada 100 hospitalizados por COVID no estaban vacunados: Salud"},"content":{"rendered":"\n<p><br><br><br>hay un interesante contraste con los casos de la variante \u00d3micron del coronavirus, dijo L\u00f3pez-Gatell. Foto: Cuartoscuro<br><br>REDACCI\u00d3N\/VOCESVER.COM\/NOTICIAS<br><br><br>NACIONAL.- A 18 DE ENERO 2022&#8230;&#8230;De acuerdo con informaci\u00f3n de  UNOTV\/AGENCIAS &#8230;.El subsecretario de Prevenci\u00f3n y Promoci\u00f3n de la Salud, Hugo L\u00f3pez-Gatell, dio a conocer que 65 de cada 100 personas hospitalizadas por COVID-19 no estaban vacunadas.<br><br><br>Durante la conferencia de prensa matutina de este 18 de enero, encabezada por el presidente Andr\u00e9s Manuel L\u00f3pez Obrador, el subsecretario de Salud dijo que la mayor\u00eda de los hospitalizados no ten\u00edan su esquema completo de vacunaci\u00f3n.<br><br><br>L\u00f3pez-Gatell indic\u00f3 que hay un interesante contraste con los casos de la variante \u00d3micron del coronavirus, pues los contagios crecen hasta 10 veces, pero existen menos hospitalizaciones y defunciones, por lo que llam\u00f3 a la poblaci\u00f3n a vacunarse.<br><br>Ante ello, se\u00f1al\u00f3 que las personas de 40 a 59 a\u00f1os de edad ya pueden realizar su pre registro para recibir la dosis de refuerzo en el portal: https:\/\/mivacuna.salud.gob.mx. Adem\u00e1s, dijo que el refuerzo se aplica desde los 5 meses posteriores al primer esquema completo de vacunaci\u00f3n.<br><br><br>Respecto a los contagios de los ni\u00f1os por el regreso a clases, el subsecretario Hugo L\u00f3pez-Gatell dijo que las escuelas no son centros de contagio, pues a pesar de existir un repunte de casos, esto se dio durante el periodo vacacional de diciembre pasado.<br><br><br>\u201cEl contagio en ni\u00f1as, ni\u00f1os y adolescentes se ha mantenido considerablemente estable\u201d, agreg\u00f3 L\u00f3pez-Gatell.<br><br>Medicamentos contra COVID ser\u00e1n administrados por Salud<br>Por otro lado, el funcionario federal afirm\u00f3 que los medicamentos contra COVID-19, el Molnupiravir y Paxlovid, ser\u00e1n administrados por la Secretar\u00eda de Salud, mismos que se consideran de innovaci\u00f3n terap\u00e9utica.<br><br>L\u00f3pez-Gatell aclar\u00f3 que son medicamentos con restricciones espec\u00edficas, por lo que no se puede administrar a embarazadas. Asimismo dijo que respecto a los hospitales privados, se buscar\u00e1 que lo obtengan de manera gratuita.<br><br>Paxlovid, la p\u00edldora de Pfizer<br>Las p\u00edldoras contra el COVID-19 desarrolladas por Pfizer, llamadas Paxlovid, act\u00faan contra una proteasa llamada 3CL, asociada con el SARS-COV-2, interrumpiendo su desarrollo.<br><br>Al hacer eso, la c\u00e9lula del virus no puede sostenerse por s\u00ed misma, y cuando se detiene su replicaci\u00f3n, se reduce el n\u00famero total de c\u00e9lulas.<br><br>Molnupiravir, la p\u00edldora de Merck<br>De acuerdo con sus desarrolladores, el molnupiravir es un antiviral que act\u00faa reduciendo la capacidad de reproducci\u00f3n del coronavirus.<br><br>El uso de este f\u00e1rmaco puede ayudar para evitar que los infectados sufran s\u00edntomas graves y para evitar que los que han estado en contacto estrecho desarrollen la enfermedad.<br><br>Seg\u00fan un ensayo cl\u00ednico realizado por Merck, si se administra esta p\u00edldora a pacientes en los d\u00edas posteriores a un test de diagn\u00f3stico positivo, reduce en un 50% las posibilidades de hospitalizaci\u00f3n.<br><br><br>INF. DE UNOTV\/AGENCIAS<br><br><br><br><br><br><br><br><br><br><br><br><br><br><br><br><br><br><br><br><br><br><br><br><br><br><br><br><br><br><br><\/p>\n","protected":false},"excerpt":{"rendered":"<p>hay un interesante contraste con los casos de la variante \u00d3micron del coronavirus, dijo L\u00f3pez-Gatell. Foto: Cuartoscuro REDACCI\u00d3N\/VOCESVER.COM\/NOTICIAS NACIONAL.- A<\/p>\n","protected":false},"author":2,"featured_media":32983,"comment_status":"open","ping_status":"open","sticky":false,"template":"","format":"standard","meta":{"colormag_page_container_layout":"default_layout","colormag_page_sidebar_layout":"default_layout","footnotes":""},"categories":[5],"tags":[],"class_list":["post-32976","post","type-post","status-publish","format-standard","has-post-thumbnail","hentry","category-nacional"],"_links":{"self":[{"href":"http:\/\/vocesver.com\/noticias\/wp-json\/wp\/v2\/posts\/32976","targetHints":{"allow":["GET"]}}],"collection":[{"href":"http:\/\/vocesver.com\/noticias\/wp-json\/wp\/v2\/posts"}],"about":[{"href":"http:\/\/vocesver.com\/noticias\/wp-json\/wp\/v2\/types\/post"}],"author":[{"embeddable":true,"href":"http:\/\/vocesver.com\/noticias\/wp-json\/wp\/v2\/users\/2"}],"replies":[{"embeddable":true,"href":"http:\/\/vocesver.com\/noticias\/wp-json\/wp\/v2\/comments?post=32976"}],"version-history":[{"count":2,"href":"http:\/\/vocesver.com\/noticias\/wp-json\/wp\/v2\/posts\/32976\/revisions"}],"predecessor-version":[{"id":32982,"href":"http:\/\/vocesver.com\/noticias\/wp-json\/wp\/v2\/posts\/32976\/revisions\/32982"}],"wp:featuredmedia":[{"embeddable":true,"href":"http:\/\/vocesver.com\/noticias\/wp-json\/wp\/v2\/media\/32983"}],"wp:attachment":[{"href":"http:\/\/vocesver.com\/noticias\/wp-json\/wp\/v2\/media?parent=32976"}],"wp:term":[{"taxonomy":"category","embeddable":true,"href":"http:\/\/vocesver.com\/noticias\/wp-json\/wp\/v2\/categories?post=32976"},{"taxonomy":"post_tag","embeddable":true,"href":"http:\/\/vocesver.com\/noticias\/wp-json\/wp\/v2\/tags?post=32976"}],"curies":[{"name":"wp","href":"https:\/\/api.w.org\/{rel}","templated":true}]}}