{"id":32972,"date":"2022-01-18T16:39:56","date_gmt":"2022-01-18T16:39:56","guid":{"rendered":"http:\/\/vocesver.com\/noticias\/?p=32972"},"modified":"2022-01-18T16:41:40","modified_gmt":"2022-01-18T16:41:40","slug":"san-sebastian-de-veracruz-a-14-anos-del-rescate","status":"publish","type":"post","link":"http:\/\/vocesver.com\/noticias\/san-sebastian-de-veracruz-a-14-anos-del-rescate\/","title":{"rendered":"SAN SEBASTIAN DE VERACRUZ  A 14 A\u00d1OS DEL RESCATE"},"content":{"rendered":"\n<p><br><br><br>Por. Miguel Salvador Rodr\u00edguez Azueta\/Vocesver.com\/noticias<br><br>Antecedentes Hist\u00f3ricos:<br><br>San Sebasti\u00e1n, es invocado en contra de la peste y las guerras, cosa acertada considerando que las epidemias en el puerto eran cosa com\u00fan en los siglos pasados, dada la situaci\u00f3n insalubre que ayudaba a la propagaci\u00f3n de la fiebre amarilla, m\u00e1s conocida por el vulgo como el famoso v\u00f3mito negro.<br><br>La fiesta de su devoci\u00f3n se celebra cada 20 de enero y en Veracruz puerto se acostumbraba hasta mediados del siglo XIX, a sacar la imagen del Santo Patr\u00f3n en procesi\u00f3n por las principales calles, entre cuatro cargadores y otros tantos que llevaban un \u00e1rbol que representaba el lugar de su martirio. Posteriormente y dado que la peste dejo de ser problema en el puerto, se fue olvidando tal veneraci\u00f3n,<br><br>En la Parroquia de la Asunci\u00f3n en el centro hist\u00f3rico del puerto existen dos im\u00e1genes del Santo.<br><br>\u00bfQui\u00e9nes?<br><br>En el a\u00f1o 2007, platicando con el Padre V\u00edctor Manuel D\u00edaz Mendoza (QEPD), me entere que las fiestas patronales hab\u00edan ca\u00eddo en el olvido, poco se hac\u00eda cada 20 de enero y si no se hab\u00edan perdido en su totalidad, era gracias a la familia Lamothe, que luchaban por mantener esta tradici\u00f3n.<br><br>Como estaba a punto de entrar en la administraci\u00f3n municipal del Dr. Jon Rementeria, en el \u00e1rea de cultura, considere como una buena oportunidad que el municipio rescatara esta tradici\u00f3n, pues no era posible que Santa Ana en Boca y la Candelaria en Tlacotalpan, tuvieran m\u00e1s difusi\u00f3n y apoyo, siendo que la ciudad de Veracruz era la m\u00e1s antigua.<br><br>As\u00ed las cosas, me puse de acuerdo con el Padre V\u00edctor para organizar el 20 de enero del 2008 las fiestas patronales, ya en forma, con actividades religiosas, conferencias, difusi\u00f3n y exposici\u00f3n de Arte, recibiendo el apoyo del municipio y para difundir el arte recurr\u00ed a la Mtra Ivonne Moreno, que en ese momento era Directora de Casa Principal, quien con gusto tom\u00f3 la responsabilidad de difundir la historia de San Sebasti\u00e1n en el Arte.<br><br>A partir de esa fecha, muchos han sido los que han cre\u00eddo en el rescate de las fiestas patronales, artistas, pol\u00edticos, intelectuales, religiosos y sociedad civil, no ser\u00eda justo dejar fuera a todos aquellos que colocaron su granito de arena en esta ardua labor de rescate, pero podemos nombrar en primer lugar al Obispo de Veracruz em\u00e9rito Luis Felipe Gallardo Mart\u00edn del Campo, el Padre V\u00edctor Manuel D\u00edaz Mendoza (QEPD), Ivonne Moreno, La Fundaci\u00f3n de la Cr\u00f3nica de la Ciudad de Veracruz, Gustavo Pastrana con su exposici\u00f3n martirio, Armando Sal\u00fam (QEPD), el Dr. Federico Roesh, el investigador Ricardo Ca\u00f1as, la maestra Lucia Ortiz de la Escuela Municipal de Bellas Artes y los amigos de los medios de comunicaci\u00f3n que nos dieron espacios para difundir esta olvidada figura.<br><br>En el a\u00f1o 2011 el director de Cine Fabrizio Prada en su estancia en Veracruz realiz\u00f3 una reuni\u00f3n, donde se consider\u00f3 realizar un evento que reforzara las fiestas patronales, por lo que junto con la Fundaci\u00f3n de la Cr\u00f3nica de la Ciudad de Veracruz se desarroll\u00f3 el plan para el primer Festival Internacional de Cine Extremo, el cual tuvo lugar en el a\u00f1o 2012, teniendo como invitado de honor al famoso actor Hugo Stiglitz.<br><br>Gracias a esta incorporaci\u00f3n, las fiestas patronales, tomaron un perfil internacional, pues directores como Hugo Stiglitz y Gabriel Retes visitaron el puerto durante las festividades, quedando encantados.<br><br>Antes de la Pandemia durante la pasada administraci\u00f3n municipal gracias a la maestra Minu Frutis Prom volvimos a la carga y ante la pena de la p\u00e9rdida del Pbro. V\u00edctor Manuel D\u00edaz Mendoza sentimos que su esfuerzo no deber\u00eda caer en el olvido as\u00ed que apoyados por el actual Obispo Mons. Carlos Brise\u00f1o Arch y los Pbros. Arelio Mojica y Julio Flores Carranza este a\u00f1o tenemos nuevamente actividades en honor del Santo Patr\u00f3n de Veracruz.<br><br><br><br><br><br><br><br><br><br><br><br><br><br><br><br><br><br><br><br><br><br><br><br><br><br><br><br><br><br><br><br><br><br><br><br><br><br><br><br><br><\/p>\n","protected":false},"excerpt":{"rendered":"<p>Por. Miguel Salvador Rodr\u00edguez Azueta\/Vocesver.com\/noticias Antecedentes Hist\u00f3ricos: San Sebasti\u00e1n, es invocado en contra de la peste y las guerras, cosa<\/p>\n","protected":false},"author":2,"featured_media":32979,"comment_status":"open","ping_status":"open","sticky":false,"template":"","format":"standard","meta":{"colormag_page_container_layout":"default_layout","colormag_page_sidebar_layout":"default_layout","footnotes":""},"categories":[2],"tags":[],"class_list":["post-32972","post","type-post","status-publish","format-standard","has-post-thumbnail","hentry","category-infogral"],"_links":{"self":[{"href":"http:\/\/vocesver.com\/noticias\/wp-json\/wp\/v2\/posts\/32972","targetHints":{"allow":["GET"]}}],"collection":[{"href":"http:\/\/vocesver.com\/noticias\/wp-json\/wp\/v2\/posts"}],"about":[{"href":"http:\/\/vocesver.com\/noticias\/wp-json\/wp\/v2\/types\/post"}],"author":[{"embeddable":true,"href":"http:\/\/vocesver.com\/noticias\/wp-json\/wp\/v2\/users\/2"}],"replies":[{"embeddable":true,"href":"http:\/\/vocesver.com\/noticias\/wp-json\/wp\/v2\/comments?post=32972"}],"version-history":[{"count":2,"href":"http:\/\/vocesver.com\/noticias\/wp-json\/wp\/v2\/posts\/32972\/revisions"}],"predecessor-version":[{"id":32977,"href":"http:\/\/vocesver.com\/noticias\/wp-json\/wp\/v2\/posts\/32972\/revisions\/32977"}],"wp:featuredmedia":[{"embeddable":true,"href":"http:\/\/vocesver.com\/noticias\/wp-json\/wp\/v2\/media\/32979"}],"wp:attachment":[{"href":"http:\/\/vocesver.com\/noticias\/wp-json\/wp\/v2\/media?parent=32972"}],"wp:term":[{"taxonomy":"category","embeddable":true,"href":"http:\/\/vocesver.com\/noticias\/wp-json\/wp\/v2\/categories?post=32972"},{"taxonomy":"post_tag","embeddable":true,"href":"http:\/\/vocesver.com\/noticias\/wp-json\/wp\/v2\/tags?post=32972"}],"curies":[{"name":"wp","href":"https:\/\/api.w.org\/{rel}","templated":true}]}}