{"id":32963,"date":"2022-01-17T16:05:11","date_gmt":"2022-01-17T16:05:11","guid":{"rendered":"http:\/\/vocesver.com\/noticias\/?p=32963"},"modified":"2022-01-17T16:05:13","modified_gmt":"2022-01-17T16:05:13","slug":"me-fue-bien-asegura-amlo-en-su-regreso-a-actividades-tras-contagio-de-covid-19","status":"publish","type":"post","link":"http:\/\/vocesver.com\/noticias\/me-fue-bien-asegura-amlo-en-su-regreso-a-actividades-tras-contagio-de-covid-19\/","title":{"rendered":"\u201cMe fue bien\u201d, asegura AMLO en su regreso a actividades tras contagio de COVID-19"},"content":{"rendered":"\n<p><br>Foto: Cuartoscuro.<br><br><br><br>REDACCI\u00b4\u00d3N\/VOCESVER.COM\/NOTICIAS<br><br><br>NACIONAL.- A  17  de Enero 2022.-De acuerdo con informaci\u00f3n de UNOTV&#8230;.. El presidente Andr\u00e9s Manuel L\u00f3pez Obrador (AMLO) regres\u00f3 a sus actividades laborales este lunes 17 de enero, luego de permanecer aislado por dar positivo a la nueva variante de COVID-19, \u00d3micron.<br><br><br>Durante la conferencia ma\u00f1anera se\u00f1al\u00f3 que se encontraba recuperado y asegur\u00f3 \u201cme fue bien\u201d.<br><br>\u201cYa salimos de cuarentena, esta variante \u00d3micron no tiene la misma gravedad de la anterior de Delta, en s\u00edntomas y tiempo de recuperaci\u00f3n, bueno no nos espantemos evitar contagios se trata de una variante muy contagiosa\u201d.<br><br>Andr\u00e9s Manuel L\u00f3pez Obrador (AMLO), presidente de M\u00e9xico<br><br>Asimismo, dijo que es de gran ayuda la vacuna, y pidi\u00f3 no dejar de aplicarse la dosis de refuerzo, \u201cvamos a lo seguro, son menos los s\u00edntomas y no nos agravamos\u201d.<br><br>En ese sentido, tambi\u00e9n agradeci\u00f3 a quienes estuvieron al pendiente de su salud y a las muestras de afecto y solidaridad que ofrecieron presidentes que expresaron su solidaridad y \u201cvamos hacia adelante a seguir trabajando de tiempo completo, estuve trabajando\u201d.<br><br><br>S\u00edntomas y tratamiento de AMLO por contagio de COVID-19<br>Sobre los pormenores de sus s\u00edntomas por \u00d3micron, L\u00f3pez Obrador cont\u00f3 que fueron leves, no tuvo calentura y fue muy buena la oxigenaci\u00f3n arriba de 90, adem\u00e1s de no tener malestar en el cuerpo. Dijo que tuvo dos d\u00edas de ronquera y ardor en la garganta.<br><br><br>El mandatario sostuvo que su tratamiento consisti\u00f3 en aislarse, descansar, tomar mucha agua y paracetamol durante dos d\u00edas, as\u00ed como miel para la garganta.<br><br>\u201cAunque est\u00e1 caro el lim\u00f3n procuraba no ponerle tanto y remedios que ya todos sabemos, se burlan del Vaporub, pero ayuda sobretodo porque a todos nos gusta que nos acaricien\u201d.<br><br>Andr\u00e9s Manuel L\u00f3pez Obrador (AMLO), presidente de M\u00e9xico<br>Enfatiz\u00f3 que es importante la vacunaci\u00f3n y quedan estados pendientes como Chiapas, donde se visita casa por casa. Invit\u00f3 a los ciudadanos a vacunarse y avanzar en la dosis de refuerzo de adultos mayores que lleva un 60%.<br><br><br><br><br>INF. DE UNOTV.COM&#8230;&#8230;<br><br><br><br><br><br><br><br><br><br><br><br><br><br><br><br><br><br><br><br><br><br><br><br><br><br><br><\/p>\n","protected":false},"excerpt":{"rendered":"<p>Foto: Cuartoscuro. REDACCI\u00b4\u00d3N\/VOCESVER.COM\/NOTICIAS NACIONAL.- A 17 de Enero 2022.-De acuerdo con informaci\u00f3n de UNOTV&#8230;.. El presidente Andr\u00e9s Manuel L\u00f3pez Obrador<\/p>\n","protected":false},"author":2,"featured_media":32969,"comment_status":"open","ping_status":"open","sticky":false,"template":"","format":"standard","meta":{"colormag_page_container_layout":"default_layout","colormag_page_sidebar_layout":"default_layout","footnotes":""},"categories":[5],"tags":[],"class_list":["post-32963","post","type-post","status-publish","format-standard","has-post-thumbnail","hentry","category-nacional"],"_links":{"self":[{"href":"http:\/\/vocesver.com\/noticias\/wp-json\/wp\/v2\/posts\/32963","targetHints":{"allow":["GET"]}}],"collection":[{"href":"http:\/\/vocesver.com\/noticias\/wp-json\/wp\/v2\/posts"}],"about":[{"href":"http:\/\/vocesver.com\/noticias\/wp-json\/wp\/v2\/types\/post"}],"author":[{"embeddable":true,"href":"http:\/\/vocesver.com\/noticias\/wp-json\/wp\/v2\/users\/2"}],"replies":[{"embeddable":true,"href":"http:\/\/vocesver.com\/noticias\/wp-json\/wp\/v2\/comments?post=32963"}],"version-history":[{"count":2,"href":"http:\/\/vocesver.com\/noticias\/wp-json\/wp\/v2\/posts\/32963\/revisions"}],"predecessor-version":[{"id":32970,"href":"http:\/\/vocesver.com\/noticias\/wp-json\/wp\/v2\/posts\/32963\/revisions\/32970"}],"wp:featuredmedia":[{"embeddable":true,"href":"http:\/\/vocesver.com\/noticias\/wp-json\/wp\/v2\/media\/32969"}],"wp:attachment":[{"href":"http:\/\/vocesver.com\/noticias\/wp-json\/wp\/v2\/media?parent=32963"}],"wp:term":[{"taxonomy":"category","embeddable":true,"href":"http:\/\/vocesver.com\/noticias\/wp-json\/wp\/v2\/categories?post=32963"},{"taxonomy":"post_tag","embeddable":true,"href":"http:\/\/vocesver.com\/noticias\/wp-json\/wp\/v2\/tags?post=32963"}],"curies":[{"name":"wp","href":"https:\/\/api.w.org\/{rel}","templated":true}]}}