{"id":32742,"date":"2022-01-03T22:27:57","date_gmt":"2022-01-03T22:27:57","guid":{"rendered":"http:\/\/vocesver.com\/noticias\/?p=32742"},"modified":"2022-01-03T22:29:44","modified_gmt":"2022-01-03T22:29:44","slug":"inicia-el-alcalde-juan-manuel-unanue-campana-predial-2022-en-boca-del-rio","status":"publish","type":"post","link":"http:\/\/vocesver.com\/noticias\/inicia-el-alcalde-juan-manuel-unanue-campana-predial-2022-en-boca-del-rio\/","title":{"rendered":"Inicia el Alcalde Juan Manuel Un\u00e1nue campa\u00f1a Predial 2022 en Boca del R\u00edo"},"content":{"rendered":"\n<p>\u00b0\u00b0Habr\u00e1 descuentos del 20 al 50% en el pago anual anticipado, as\u00ed como la condonaci\u00f3n de multas a rezagados que quieran ponerse al corriente_**El ingreso por el cobro del predial se traduce en m\u00e1s obras y acciones en beneficio de todos los boque\u00f1os_<br><br>REDACCI\u00d3N\/VOCESVER.COM\/NOTICIAS<br><br>BOCA DEL R\u00cdO,VER.- A 03 DE ENERO 2022.- El Alcalde Juan Manuel Un\u00e1nue Abascal dio inicio al cobro del impuesto predial en Boca del R\u00edo, e hizo la invitacio?n a todas las personas para que aprovechen los descuentos y facilidades en el pago.<br><br>Se\u00f1al\u00f3 que para el Ayuntamiento es muy importante porque lo recaudado ayudar\u00e1 a mejorar los servicios, adem\u00e1s de realizar mas obras, acciones y programas en beneficio de todos los boquen?os.<br><br>Fue el d\u00eda s\u00e1bado que se aprob\u00f3 en cabildo los descuentos en el pago anual anticipado durante enero y febrero, quedando un 20% para la poblacio?n en general, 50% para jubilados y pensionados, adultos de 60 an?os y madres solteras, que se encuentren al corriente en sus pagos de a\u00f1os anteriores.<br><br>Adem\u00e1s, no se aplicar\u00e1n multas a las personas que presenten rezago y quieran ponerse al corriente en sus pagos.<br><br>Las personas podr\u00edan acudir a realizar sus pagos en el Palacio Municipal y en los m\u00f3dulos habilitados en el bulevar Ruiz Cortines, la estacio?n de bomberos en el fraccionamiento Virginia, asi? como en el Mo?dulo de Las Vegas, as\u00ed como a trav\u00e9s de internet en el sitio www.bocadelrio.gob.mx<br><br>Por \u00faltimo, el Alcalde Juan Manuel Un\u00e1nue inform\u00f3 que la meta es superar los 60 millones de pesos en recaudaci\u00f3n del predial.<br><br><br><br><br><br><br><br><br><br><br><br><br><br><br><br><br><br><br><br><br><br><br><br><br><br><br><br><br><br><\/p>\n","protected":false},"excerpt":{"rendered":"<p>\u00b0\u00b0Habr\u00e1 descuentos del 20 al 50% en el pago anual anticipado, as\u00ed como la condonaci\u00f3n de multas a rezagados que<\/p>\n","protected":false},"author":2,"featured_media":32748,"comment_status":"open","ping_status":"open","sticky":false,"template":"","format":"standard","meta":{"colormag_page_container_layout":"default_layout","colormag_page_sidebar_layout":"default_layout","footnotes":""},"categories":[2],"tags":[],"class_list":["post-32742","post","type-post","status-publish","format-standard","has-post-thumbnail","hentry","category-infogral"],"_links":{"self":[{"href":"http:\/\/vocesver.com\/noticias\/wp-json\/wp\/v2\/posts\/32742","targetHints":{"allow":["GET"]}}],"collection":[{"href":"http:\/\/vocesver.com\/noticias\/wp-json\/wp\/v2\/posts"}],"about":[{"href":"http:\/\/vocesver.com\/noticias\/wp-json\/wp\/v2\/types\/post"}],"author":[{"embeddable":true,"href":"http:\/\/vocesver.com\/noticias\/wp-json\/wp\/v2\/users\/2"}],"replies":[{"embeddable":true,"href":"http:\/\/vocesver.com\/noticias\/wp-json\/wp\/v2\/comments?post=32742"}],"version-history":[{"count":2,"href":"http:\/\/vocesver.com\/noticias\/wp-json\/wp\/v2\/posts\/32742\/revisions"}],"predecessor-version":[{"id":32747,"href":"http:\/\/vocesver.com\/noticias\/wp-json\/wp\/v2\/posts\/32742\/revisions\/32747"}],"wp:featuredmedia":[{"embeddable":true,"href":"http:\/\/vocesver.com\/noticias\/wp-json\/wp\/v2\/media\/32748"}],"wp:attachment":[{"href":"http:\/\/vocesver.com\/noticias\/wp-json\/wp\/v2\/media?parent=32742"}],"wp:term":[{"taxonomy":"category","embeddable":true,"href":"http:\/\/vocesver.com\/noticias\/wp-json\/wp\/v2\/categories?post=32742"},{"taxonomy":"post_tag","embeddable":true,"href":"http:\/\/vocesver.com\/noticias\/wp-json\/wp\/v2\/tags?post=32742"}],"curies":[{"name":"wp","href":"https:\/\/api.w.org\/{rel}","templated":true}]}}